{"id":31878,"date":"2026-03-11T17:01:40","date_gmt":"2026-03-11T22:01:40","guid":{"rendered":"https:\/\/littlevillagechamber.org\/?p=31878"},"modified":"2026-03-11T17:01:40","modified_gmt":"2026-03-11T22:01:40","slug":"lvcc-is-delegated-agency-for-small-business-storefront-activation-program","status":"publish","type":"post","link":"https:\/\/littlevillagechamber.org\/es\/lvcc-is-delegated-agency-for-small-business-storefront-activation-program\/","title":{"rendered":"LVCC es la agencia delegada para el programa de activaci\u00f3n de escaparates para peque\u00f1as empresas"},"content":{"rendered":"<p>La nueva iniciativa busca apoyar a los peque\u00f1os negocios y revitalizar los corredores comerciales de la calle 26 y Cermak en South Lawndale. Hoy, el alcalde Brandon Johnson y el Departamento de Asuntos Comerciales y Protecci\u00f3n al Consumidor de Chicago (BACP) anunciaron que la C\u00e1mara de Comercio de La Villita, en colaboraci\u00f3n con Latinos Progresando, ha sido adjudicataria del contrato para liderar el Programa de Activaci\u00f3n de Escaparates para Peque\u00f1os Negocios de South Lawndale.<\/p>\n<p>El programa apoyar\u00e1 los corredores comerciales de la Calle 26 y Cermak Road mediante la captaci\u00f3n y retenci\u00f3n de negocios a trav\u00e9s de diversas tiendas temporales y asistencia t\u00e9cnica personalizada. \"Inversiones como esta son fundamentales para el compromiso de mi administraci\u00f3n de apoyar a las peque\u00f1as empresas y convertir nuestros corredores comerciales en centros comunitarios pr\u00f3speros\", declar\u00f3 el alcalde Brandon Johnson. \"Una organizaci\u00f3n colaboradora comunitaria inspirar\u00e1 el emprendimiento y crear\u00e1 empleos en uno de los corredores comerciales m\u00e1s conocidos de nuestra ciudad. El Programa de Activaci\u00f3n de Locales Comerciales para Peque\u00f1as Empresas de South Lawndale ayudar\u00e1 a activar locales comerciales vac\u00edos, apoyar\u00e1 a emprendedores locales y consolidar\u00e1 el corredor como un destino vibrante tanto para residentes como para visitantes\".<\/p>\n<p>\u201cEl Programa de Activaci\u00f3n de Locales Comerciales para Peque\u00f1as Empresas de South Lawndale refleja nuestro compromiso con el fortalecimiento de los distritos comerciales del vecindario\u201d, declar\u00f3 Ivan Capifali, comisionado del BACP. \u201cAl seleccionar socios locales de confianza para liderar esta labor, garantizamos que los emprendedores reciban el apoyo y los recursos personalizados que necesitan para expandir sus negocios y contribuir a un corredor comercial pr\u00f3spero\u201d. La C\u00e1mara de Comercio de La Villita, con el apoyo de Latinos Progresando, identificar\u00e1 espacios vacantes listos para habitar, negociar\u00e1 contratos de arrendamiento a corto plazo con los propietarios y lanzar\u00e1 diversas tiendas temporales. Para garantizar la sostenibilidad de estos nuevos emprendimientos, las empresas participantes recibir\u00e1n asesoramiento personalizado a trav\u00e9s del programa \"De la Mano\" de la C\u00e1mara de Comercio de La Villita.<\/p>\n<p>This technical assistance includes business planning and financial management, marketing and promotion campaigns, and assistance in securing long-term leases after the program ends. \u201cThe Storefront Activation Program allows the Little Village Chamber of Commerce to bring new energy and opportunity to the 26th Street commercial corridor,\u201d said Jennifer Aguilar, Executive Director of the Little Village Chamber of Commerce. \u201cBy activating storefront spaces, we are giving entrepreneurs an affordable opportunity to test their concepts, build a customer base, and prepare for long-term brick-and-mortar success. This investment ensures that growth, visibility, and opportunity extend throughout our community while strengthening our local business ecosystem.\u201d &#8220;Recently, certain neighborhoods have seen more doors closed than doors opened,\u201d said Luis Gutierrez, CEO of Latinos Progresando.<\/p>\n<p>Este programa cambia eso al invertir directamente en el coraz\u00f3n de Chicago: nuestros peque\u00f1os empresarios. Al eliminar las barreras tradicionales de entrada para nuevos negocios, estamos revitalizando r\u00e1pidamente nuestras calles, aumentando el tr\u00e1fico peatonal e invitando a los residentes a regresar a sus calles principales para apoyar a los negocios locales. Esta iniciativa, financiada por el Plan de Recuperaci\u00f3n de Chicago a trav\u00e9s de la Ley del Plan de Rescate Estadounidense (ARPA), otorg\u00f3 $250,000 a las organizaciones asociadas para revitalizar los corredores comerciales de la Calle 26 y Cermak Road.<\/p>","protected":false},"excerpt":{"rendered":"<p>The new initiative aims to support small businesses and bring new life to both the 26th Street and Cermak Commercial Corridors in South Lawndale. Today, Mayor Brandon Johnson and the Chicago Department of Business Affairs and Consumer Protection (BACP) announced that the Little Village Chamber of Commerce, in partnership with Latinos Progresando, has been awarded [&hellip;]<\/p>\n","protected":false},"author":213,"featured_media":31879,"comment_status":"closed","ping_status":"open","sticky":false,"template":"","format":"standard","meta":{"site-sidebar-layout":"default","site-content-layout":"","ast-site-content-layout":"default","site-content-style":"default","site-sidebar-style":"default","ast-global-header-display":"","ast-banner-title-visibility":"","ast-main-header-display":"","ast-hfb-above-header-display":"","ast-hfb-below-header-display":"","ast-hfb-mobile-header-display":"","site-post-title":"","ast-breadcrumbs-content":"","ast-featured-img":"","footer-sml-layout":"","ast-disable-related-posts":"","theme-transparent-header-meta":"default","adv-header-id-meta":"","stick-header-meta":"default","header-above-stick-meta":"","header-main-stick-meta":"","header-below-stick-meta":"","astra-migrate-meta-layouts":"set","ast-page-background-enabled":"default","ast-page-background-meta":{"desktop":{"background-color":"","background-image":"","background-repeat":"repeat","background-position":"center center","background-size":"auto","background-attachment":"scroll","background-type":"","background-media":"","overlay-type":"","overlay-color":"","overlay-opacity":"","overlay-gradient":""},"tablet":{"background-color":"","background-image":"","background-repeat":"repeat","background-position":"center center","background-size":"auto","background-attachment":"scroll","background-type":"","background-media":"","overlay-type":"","overlay-color":"","overlay-opacity":"","overlay-gradient":""},"mobile":{"background-color":"","background-image":"","background-repeat":"repeat","background-position":"center center","background-size":"auto","background-attachment":"scroll","background-type":"","background-media":"","overlay-type":"","overlay-color":"","overlay-opacity":"","overlay-gradient":""}},"ast-content-background-meta":{"desktop":{"background-color":"var(--ast-global-color-5)","background-image":"","background-repeat":"repeat","background-position":"center center","background-size":"auto","background-attachment":"scroll","background-type":"","background-media":"","overlay-type":"","overlay-color":"","overlay-opacity":"","overlay-gradient":""},"tablet":{"background-color":"var(--ast-global-color-5)","background-image":"","background-repeat":"repeat","background-position":"center center","background-size":"auto","background-attachment":"scroll","background-type":"","background-media":"","overlay-type":"","overlay-color":"","overlay-opacity":"","overlay-gradient":""},"mobile":{"background-color":"var(--ast-global-color-5)","background-image":"","background-repeat":"repeat","background-position":"center center","background-size":"auto","background-attachment":"scroll","background-type":"","background-media":"","overlay-type":"","overlay-color":"","overlay-opacity":"","overlay-gradient":""}},"footnotes":""},"categories":[15],"tags":[],"class_list":["post-31878","post","type-post","status-publish","format-standard","has-post-thumbnail","hentry","category-news-articles"],"yoast_head":"<!-- This site is optimized with the Yoast SEO plugin v27.4 - https:\/\/yoast.com\/product\/yoast-seo-wordpress\/ -->\n<title>LVCC is Delegated Agency for Small Business Storefront Activation Program - Little Village Chamber of Commerce<\/title>\n<meta name=\"robots\" content=\"index, follow, max-snippet:-1, max-image-preview:large, max-video-preview:-1\" \/>\n<link rel=\"canonical\" href=\"https:\/\/littlevillagechamber.org\/es\/lvcc-is-delegated-agency-for-small-business-storefront-activation-program\/\" \/>\n<meta property=\"og:locale\" content=\"es_MX\" \/>\n<meta property=\"og:type\" content=\"article\" \/>\n<meta property=\"og:title\" content=\"LVCC is Delegated Agency for Small Business Storefront Activation Program - Little Village Chamber of Commerce\" \/>\n<meta property=\"og:description\" content=\"The new initiative aims to support small businesses and bring new life to both the 26th Street and Cermak Commercial Corridors in South Lawndale. Today, Mayor Brandon Johnson and the Chicago Department of Business Affairs and Consumer Protection (BACP) announced that the Little Village Chamber of Commerce, in partnership with Latinos Progresando, has been awarded [&hellip;]\" \/>\n<meta property=\"og:url\" content=\"https:\/\/littlevillagechamber.org\/es\/lvcc-is-delegated-agency-for-small-business-storefront-activation-program\/\" \/>\n<meta property=\"og:site_name\" content=\"Little Village Chamber of Commerce\" \/>\n<meta property=\"article:published_time\" content=\"2026-03-11T22:01:40+00:00\" \/>\n<meta property=\"og:image\" content=\"https:\/\/littlevillagechamber.org\/wp-content\/uploads\/LVCC_Storefront_Activation.jpg\" \/>\n\t<meta property=\"og:image:width\" content=\"1080\" \/>\n\t<meta property=\"og:image:height\" content=\"1080\" \/>\n\t<meta property=\"og:image:type\" content=\"image\/jpeg\" \/>\n<meta name=\"author\" content=\"Juan Carlos\" \/>\n<meta name=\"twitter:card\" content=\"summary_large_image\" \/>\n<meta name=\"twitter:label1\" content=\"Escrito por\" \/>\n\t<meta name=\"twitter:data1\" content=\"Juan Carlos\" \/>\n\t<meta name=\"twitter:label2\" content=\"Tiempo de lectura\" \/>\n\t<meta name=\"twitter:data2\" content=\"3 minutos\" \/>\n<script type=\"application\/ld+json\" class=\"yoast-schema-graph\">{\"@context\":\"https:\\\/\\\/schema.org\",\"@graph\":[{\"@type\":\"Article\",\"@id\":\"https:\\\/\\\/littlevillagechamber.org\\\/lvcc-is-delegated-agency-for-small-business-storefront-activation-program\\\/#article\",\"isPartOf\":{\"@id\":\"https:\\\/\\\/littlevillagechamber.org\\\/lvcc-is-delegated-agency-for-small-business-storefront-activation-program\\\/\"},\"author\":{\"name\":\"Juan Carlos\",\"@id\":\"https:\\\/\\\/littlevillagechamber.org\\\/#\\\/schema\\\/person\\\/3407b6127674b885823e3884d2881334\"},\"headline\":\"LVCC is Delegated Agency for Small Business Storefront Activation Program\",\"datePublished\":\"2026-03-11T22:01:40+00:00\",\"mainEntityOfPage\":{\"@id\":\"https:\\\/\\\/littlevillagechamber.org\\\/lvcc-is-delegated-agency-for-small-business-storefront-activation-program\\\/\"},\"wordCount\":486,\"publisher\":{\"@id\":\"https:\\\/\\\/littlevillagechamber.org\\\/#organization\"},\"image\":{\"@id\":\"https:\\\/\\\/littlevillagechamber.org\\\/lvcc-is-delegated-agency-for-small-business-storefront-activation-program\\\/#primaryimage\"},\"thumbnailUrl\":\"https:\\\/\\\/littlevillagechamber.org\\\/wp-content\\\/uploads\\\/LVCC_Storefront_Activation.jpg\",\"articleSection\":[\"News Articles\"],\"inLanguage\":\"es\"},{\"@type\":\"WebPage\",\"@id\":\"https:\\\/\\\/littlevillagechamber.org\\\/lvcc-is-delegated-agency-for-small-business-storefront-activation-program\\\/\",\"url\":\"https:\\\/\\\/littlevillagechamber.org\\\/lvcc-is-delegated-agency-for-small-business-storefront-activation-program\\\/\",\"name\":\"LVCC is Delegated Agency for Small Business Storefront Activation Program - Little Village Chamber of Commerce\",\"isPartOf\":{\"@id\":\"https:\\\/\\\/littlevillagechamber.org\\\/#website\"},\"primaryImageOfPage\":{\"@id\":\"https:\\\/\\\/littlevillagechamber.org\\\/lvcc-is-delegated-agency-for-small-business-storefront-activation-program\\\/#primaryimage\"},\"image\":{\"@id\":\"https:\\\/\\\/littlevillagechamber.org\\\/lvcc-is-delegated-agency-for-small-business-storefront-activation-program\\\/#primaryimage\"},\"thumbnailUrl\":\"https:\\\/\\\/littlevillagechamber.org\\\/wp-content\\\/uploads\\\/LVCC_Storefront_Activation.jpg\",\"datePublished\":\"2026-03-11T22:01:40+00:00\",\"breadcrumb\":{\"@id\":\"https:\\\/\\\/littlevillagechamber.org\\\/lvcc-is-delegated-agency-for-small-business-storefront-activation-program\\\/#breadcrumb\"},\"inLanguage\":\"es\",\"potentialAction\":[{\"@type\":\"ReadAction\",\"target\":[\"https:\\\/\\\/littlevillagechamber.org\\\/lvcc-is-delegated-agency-for-small-business-storefront-activation-program\\\/\"]}]},{\"@type\":\"ImageObject\",\"inLanguage\":\"es\",\"@id\":\"https:\\\/\\\/littlevillagechamber.org\\\/lvcc-is-delegated-agency-for-small-business-storefront-activation-program\\\/#primaryimage\",\"url\":\"https:\\\/\\\/littlevillagechamber.org\\\/wp-content\\\/uploads\\\/LVCC_Storefront_Activation.jpg\",\"contentUrl\":\"https:\\\/\\\/littlevillagechamber.org\\\/wp-content\\\/uploads\\\/LVCC_Storefront_Activation.jpg\",\"width\":1080,\"height\":1080},{\"@type\":\"BreadcrumbList\",\"@id\":\"https:\\\/\\\/littlevillagechamber.org\\\/lvcc-is-delegated-agency-for-small-business-storefront-activation-program\\\/#breadcrumb\",\"itemListElement\":[{\"@type\":\"ListItem\",\"position\":1,\"name\":\"Home\",\"item\":\"https:\\\/\\\/littlevillagechamber.org\\\/\"},{\"@type\":\"ListItem\",\"position\":2,\"name\":\"LVCC is Delegated Agency for Small Business Storefront Activation Program\"}]},{\"@type\":\"WebSite\",\"@id\":\"https:\\\/\\\/littlevillagechamber.org\\\/#website\",\"url\":\"https:\\\/\\\/littlevillagechamber.org\\\/\",\"name\":\"Little Village Chamber of Commerce\",\"description\":\"Tu Mexico, Tu Chicago!\",\"publisher\":{\"@id\":\"https:\\\/\\\/littlevillagechamber.org\\\/#organization\"},\"potentialAction\":[{\"@type\":\"SearchAction\",\"target\":{\"@type\":\"EntryPoint\",\"urlTemplate\":\"https:\\\/\\\/littlevillagechamber.org\\\/?s={search_term_string}\"},\"query-input\":{\"@type\":\"PropertyValueSpecification\",\"valueRequired\":true,\"valueName\":\"search_term_string\"}}],\"inLanguage\":\"es\"},{\"@type\":\"Organization\",\"@id\":\"https:\\\/\\\/littlevillagechamber.org\\\/#organization\",\"name\":\"Little Village Chamber of Commerce\",\"url\":\"https:\\\/\\\/littlevillagechamber.org\\\/\",\"logo\":{\"@type\":\"ImageObject\",\"inLanguage\":\"es\",\"@id\":\"https:\\\/\\\/littlevillagechamber.org\\\/#\\\/schema\\\/logo\\\/image\\\/\",\"url\":\"https:\\\/\\\/littlevillagechamber.org\\\/wp-content\\\/uploads\\\/LVCC.png\",\"contentUrl\":\"https:\\\/\\\/littlevillagechamber.org\\\/wp-content\\\/uploads\\\/LVCC.png\",\"width\":300,\"height\":257,\"caption\":\"Little Village Chamber of Commerce\"},\"image\":{\"@id\":\"https:\\\/\\\/littlevillagechamber.org\\\/#\\\/schema\\\/logo\\\/image\\\/\"}},{\"@type\":\"Person\",\"@id\":\"https:\\\/\\\/littlevillagechamber.org\\\/#\\\/schema\\\/person\\\/3407b6127674b885823e3884d2881334\",\"name\":\"Juan Carlos\",\"image\":{\"@type\":\"ImageObject\",\"inLanguage\":\"es\",\"@id\":\"https:\\\/\\\/secure.gravatar.com\\\/avatar\\\/dbb8bb62a16f84597a78e9714051cf73aa61edd7d20627881ab9e20dcccffd2e?s=96&d=mm&r=g\",\"url\":\"https:\\\/\\\/secure.gravatar.com\\\/avatar\\\/dbb8bb62a16f84597a78e9714051cf73aa61edd7d20627881ab9e20dcccffd2e?s=96&d=mm&r=g\",\"contentUrl\":\"https:\\\/\\\/secure.gravatar.com\\\/avatar\\\/dbb8bb62a16f84597a78e9714051cf73aa61edd7d20627881ab9e20dcccffd2e?s=96&d=mm&r=g\",\"caption\":\"Juan Carlos\"},\"url\":\"https:\\\/\\\/littlevillagechamber.org\\\/es\\\/author\\\/juancarlos\\\/\"}]}<\/script>\n<!-- \/ Yoast SEO plugin. -->","yoast_head_json":{"title":"LVCC is Delegated Agency for Small Business Storefront Activation Program - Little Village Chamber of Commerce","robots":{"index":"index","follow":"follow","max-snippet":"max-snippet:-1","max-image-preview":"max-image-preview:large","max-video-preview":"max-video-preview:-1"},"canonical":"https:\/\/littlevillagechamber.org\/es\/lvcc-is-delegated-agency-for-small-business-storefront-activation-program\/","og_locale":"es_MX","og_type":"article","og_title":"LVCC is Delegated Agency for Small Business Storefront Activation Program - Little Village Chamber of Commerce","og_description":"The new initiative aims to support small businesses and bring new life to both the 26th Street and Cermak Commercial Corridors in South Lawndale. Today, Mayor Brandon Johnson and the Chicago Department of Business Affairs and Consumer Protection (BACP) announced that the Little Village Chamber of Commerce, in partnership with Latinos Progresando, has been awarded [&hellip;]","og_url":"https:\/\/littlevillagechamber.org\/es\/lvcc-is-delegated-agency-for-small-business-storefront-activation-program\/","og_site_name":"Little Village Chamber of Commerce","article_published_time":"2026-03-11T22:01:40+00:00","og_image":[{"width":1080,"height":1080,"url":"https:\/\/littlevillagechamber.org\/wp-content\/uploads\/LVCC_Storefront_Activation.jpg","type":"image\/jpeg"}],"author":"Juan Carlos","twitter_card":"summary_large_image","twitter_misc":{"Escrito por":"Juan Carlos","Tiempo de lectura":"3 minutos"},"schema":{"@context":"https:\/\/schema.org","@graph":[{"@type":"Article","@id":"https:\/\/littlevillagechamber.org\/lvcc-is-delegated-agency-for-small-business-storefront-activation-program\/#article","isPartOf":{"@id":"https:\/\/littlevillagechamber.org\/lvcc-is-delegated-agency-for-small-business-storefront-activation-program\/"},"author":{"name":"Juan Carlos","@id":"https:\/\/littlevillagechamber.org\/#\/schema\/person\/3407b6127674b885823e3884d2881334"},"headline":"LVCC is Delegated Agency for Small Business Storefront Activation Program","datePublished":"2026-03-11T22:01:40+00:00","mainEntityOfPage":{"@id":"https:\/\/littlevillagechamber.org\/lvcc-is-delegated-agency-for-small-business-storefront-activation-program\/"},"wordCount":486,"publisher":{"@id":"https:\/\/littlevillagechamber.org\/#organization"},"image":{"@id":"https:\/\/littlevillagechamber.org\/lvcc-is-delegated-agency-for-small-business-storefront-activation-program\/#primaryimage"},"thumbnailUrl":"https:\/\/littlevillagechamber.org\/wp-content\/uploads\/LVCC_Storefront_Activation.jpg","articleSection":["News Articles"],"inLanguage":"es"},{"@type":"WebPage","@id":"https:\/\/littlevillagechamber.org\/lvcc-is-delegated-agency-for-small-business-storefront-activation-program\/","url":"https:\/\/littlevillagechamber.org\/lvcc-is-delegated-agency-for-small-business-storefront-activation-program\/","name":"LVCC is Delegated Agency for Small Business Storefront Activation Program - Little Village Chamber of Commerce","isPartOf":{"@id":"https:\/\/littlevillagechamber.org\/#website"},"primaryImageOfPage":{"@id":"https:\/\/littlevillagechamber.org\/lvcc-is-delegated-agency-for-small-business-storefront-activation-program\/#primaryimage"},"image":{"@id":"https:\/\/littlevillagechamber.org\/lvcc-is-delegated-agency-for-small-business-storefront-activation-program\/#primaryimage"},"thumbnailUrl":"https:\/\/littlevillagechamber.org\/wp-content\/uploads\/LVCC_Storefront_Activation.jpg","datePublished":"2026-03-11T22:01:40+00:00","breadcrumb":{"@id":"https:\/\/littlevillagechamber.org\/lvcc-is-delegated-agency-for-small-business-storefront-activation-program\/#breadcrumb"},"inLanguage":"es","potentialAction":[{"@type":"ReadAction","target":["https:\/\/littlevillagechamber.org\/lvcc-is-delegated-agency-for-small-business-storefront-activation-program\/"]}]},{"@type":"ImageObject","inLanguage":"es","@id":"https:\/\/littlevillagechamber.org\/lvcc-is-delegated-agency-for-small-business-storefront-activation-program\/#primaryimage","url":"https:\/\/littlevillagechamber.org\/wp-content\/uploads\/LVCC_Storefront_Activation.jpg","contentUrl":"https:\/\/littlevillagechamber.org\/wp-content\/uploads\/LVCC_Storefront_Activation.jpg","width":1080,"height":1080},{"@type":"BreadcrumbList","@id":"https:\/\/littlevillagechamber.org\/lvcc-is-delegated-agency-for-small-business-storefront-activation-program\/#breadcrumb","itemListElement":[{"@type":"ListItem","position":1,"name":"Home","item":"https:\/\/littlevillagechamber.org\/"},{"@type":"ListItem","position":2,"name":"LVCC is Delegated Agency for Small Business Storefront Activation Program"}]},{"@type":"WebSite","@id":"https:\/\/littlevillagechamber.org\/#website","url":"https:\/\/littlevillagechamber.org\/","name":"La C\u00e1mara de Comercio de La Villita","description":"Tu M\u00e9xico, Tu Chicago!","publisher":{"@id":"https:\/\/littlevillagechamber.org\/#organization"},"potentialAction":[{"@type":"SearchAction","target":{"@type":"EntryPoint","urlTemplate":"https:\/\/littlevillagechamber.org\/?s={search_term_string}"},"query-input":{"@type":"PropertyValueSpecification","valueRequired":true,"valueName":"search_term_string"}}],"inLanguage":"es"},{"@type":"Organization","@id":"https:\/\/littlevillagechamber.org\/#organization","name":"La C\u00e1mara de Comercio de La Villita","url":"https:\/\/littlevillagechamber.org\/","logo":{"@type":"ImageObject","inLanguage":"es","@id":"https:\/\/littlevillagechamber.org\/#\/schema\/logo\/image\/","url":"https:\/\/littlevillagechamber.org\/wp-content\/uploads\/LVCC.png","contentUrl":"https:\/\/littlevillagechamber.org\/wp-content\/uploads\/LVCC.png","width":300,"height":257,"caption":"Little Village Chamber of Commerce"},"image":{"@id":"https:\/\/littlevillagechamber.org\/#\/schema\/logo\/image\/"}},{"@type":"Person","@id":"https:\/\/littlevillagechamber.org\/#\/schema\/person\/3407b6127674b885823e3884d2881334","name":"Juan Carlos","image":{"@type":"ImageObject","inLanguage":"es","@id":"https:\/\/secure.gravatar.com\/avatar\/dbb8bb62a16f84597a78e9714051cf73aa61edd7d20627881ab9e20dcccffd2e?s=96&d=mm&r=g","url":"https:\/\/secure.gravatar.com\/avatar\/dbb8bb62a16f84597a78e9714051cf73aa61edd7d20627881ab9e20dcccffd2e?s=96&d=mm&r=g","contentUrl":"https:\/\/secure.gravatar.com\/avatar\/dbb8bb62a16f84597a78e9714051cf73aa61edd7d20627881ab9e20dcccffd2e?s=96&d=mm&r=g","caption":"Juan Carlos"},"url":"https:\/\/littlevillagechamber.org\/es\/author\/juancarlos\/"}]}},"_links":{"self":[{"href":"https:\/\/littlevillagechamber.org\/es\/wp-json\/wp\/v2\/posts\/31878","targetHints":{"allow":["GET"]}}],"collection":[{"href":"https:\/\/littlevillagechamber.org\/es\/wp-json\/wp\/v2\/posts"}],"about":[{"href":"https:\/\/littlevillagechamber.org\/es\/wp-json\/wp\/v2\/types\/post"}],"author":[{"embeddable":true,"href":"https:\/\/littlevillagechamber.org\/es\/wp-json\/wp\/v2\/users\/213"}],"replies":[{"embeddable":true,"href":"https:\/\/littlevillagechamber.org\/es\/wp-json\/wp\/v2\/comments?post=31878"}],"version-history":[{"count":2,"href":"https:\/\/littlevillagechamber.org\/es\/wp-json\/wp\/v2\/posts\/31878\/revisions"}],"predecessor-version":[{"id":31881,"href":"https:\/\/littlevillagechamber.org\/es\/wp-json\/wp\/v2\/posts\/31878\/revisions\/31881"}],"wp:featuredmedia":[{"embeddable":true,"href":"https:\/\/littlevillagechamber.org\/es\/wp-json\/wp\/v2\/media\/31879"}],"wp:attachment":[{"href":"https:\/\/littlevillagechamber.org\/es\/wp-json\/wp\/v2\/media?parent=31878"}],"wp:term":[{"taxonomy":"category","embeddable":true,"href":"https:\/\/littlevillagechamber.org\/es\/wp-json\/wp\/v2\/categories?post=31878"},{"taxonomy":"post_tag","embeddable":true,"href":"https:\/\/littlevillagechamber.org\/es\/wp-json\/wp\/v2\/tags?post=31878"}],"curies":[{"name":"wp","href":"https:\/\/api.w.org\/{rel}","templated":true}]}}