{"id":31840,"date":"2026-03-05T13:57:01","date_gmt":"2026-03-05T19:57:01","guid":{"rendered":"https:\/\/littlevillagechamber.org\/?p=31840"},"modified":"2026-03-05T13:57:30","modified_gmt":"2026-03-05T19:57:30","slug":"ballet-folklorico-xochitl-presents-sembrando-flores-25th-anniversary-celebration","status":"publish","type":"post","link":"https:\/\/littlevillagechamber.org\/es\/ballet-folklorico-xochitl-presents-sembrando-flores-25th-anniversary-celebration\/","title":{"rendered":"Ballet Folklorico Xochitl Presents \u2013 Sembrando Flores \u2013 Celebra su 25 Aniversario"},"content":{"rendered":"<p>Esta actuaci\u00f3n es una celebraci\u00f3n de nuestras tradiciones mexicanas y nuestro compromiso de transmitir estas costumbres a las generaciones m\u00e1s j\u00f3venes a trav\u00e9s del arte de la danza.<br class=\"html-br\" \/><br class=\"html-br\" \/>El t\u00edtulo \"Sembrando Flores\" simboliza el cultivo del amor, la alegr\u00eda y la sabidur\u00eda en nuestra comunidad. Es un legado que comenz\u00f3 hace m\u00e1s de 25 a\u00f1os cuando nuestro fundador, Mario Galindo, fund\u00f3 el Ballet Folkl\u00f3rico Xochitl. Desde entonces, el grupo ha pasado a su hija, y es realmente asombroso ver cu\u00e1nto ha florecido a lo largo de los a\u00f1os. En esta presentaci\u00f3n, ver\u00e1n representados varios estados de M\u00e9xico, como Veracruz, Nuevo Le\u00f3n, Jalisco, Nayarit y muchos otros. Esperamos compartir esta vibrante experiencia cultural con ustedes.<br class=\"html-br\" \/><br class=\"html-br\" \/>Saturday, April 11, 2026<br class=\"html-br\" \/><span class=\"html-span xdj266r x14z9mp xat24cr x1lziwak xexx8yu xyri2b x18d9i69 x1c1uobl x1hl2dhg x16tdsg8 x1vvkbs\"><a class=\"x1i10hfl xjbqb8w x1ejq31n x18oe1m7 x1sy0etr xstzfhl x972fbf x10w94by x1qhh985 x14e42zd x9f619 x1ypdohk xt0psk2 x3ct3a4 xdj266r x14z9mp xat24cr x1lziwak xexx8yu xyri2b x18d9i69 x1c1uobl x16tdsg8 x1hl2dhg xggy1nq x1a2a7pz xkrqix3 x1sur9pj x1fey0fg x1s688f\" tabindex=\"0\" role=\"link\" href=\"https:\/\/www.fineartsbuilding.com\/events\/sembrando-flores\/?fbclid=IwZXh0bgNhZW0CMTAAYnJpZBExVWZheTBZc0V1VEhVOEFrM3NydGMGYXBwX2lkEDIyMjAzOTE3ODgyMDA4OTIAAR5AWtiq9k6TX30ILAgt7FPsmigMeFd4n7kC3f4_mkp3G-jyuUyPnzg1QIf7Eg_aem_i-NbYr2vhhZcDzOSlbApaQ\" target=\"_blank\" rel=\"nofollow noopener noreferrer\">https:\/\/www.fineartsbuilding.com\/events\/sembrando-flores\/<\/a><\/span><\/p>","protected":false},"excerpt":{"rendered":"<p>This performance is a celebration of our Mexican traditions and our commitment to passing these customs down to the younger generation through the art of dance.The title \u201cSembrando Flores,\u201d or \u201cplanting flowers,\u201d symbolizes the cultivation of love, joy, and wisdom within our community. It is a legacy that began over 25 years ago when our [&hellip;]<\/p>\n","protected":false},"author":213,"featured_media":31841,"comment_status":"closed","ping_status":"open","sticky":false,"template":"","format":"standard","meta":{"site-sidebar-layout":"default","site-content-layout":"","ast-site-content-layout":"default","site-content-style":"default","site-sidebar-style":"default","ast-global-header-display":"","ast-banner-title-visibility":"","ast-main-header-display":"","ast-hfb-above-header-display":"","ast-hfb-below-header-display":"","ast-hfb-mobile-header-display":"","site-post-title":"","ast-breadcrumbs-content":"","ast-featured-img":"","footer-sml-layout":"","ast-disable-related-posts":"","theme-transparent-header-meta":"default","adv-header-id-meta":"","stick-header-meta":"default","header-above-stick-meta":"","header-main-stick-meta":"","header-below-stick-meta":"","astra-migrate-meta-layouts":"set","ast-page-background-enabled":"default","ast-page-background-meta":{"desktop":{"background-color":"","background-image":"","background-repeat":"repeat","background-position":"center center","background-size":"auto","background-attachment":"scroll","background-type":"","background-media":"","overlay-type":"","overlay-color":"","overlay-opacity":"","overlay-gradient":""},"tablet":{"background-color":"","background-image":"","background-repeat":"repeat","background-position":"center center","background-size":"auto","background-attachment":"scroll","background-type":"","background-media":"","overlay-type":"","overlay-color":"","overlay-opacity":"","overlay-gradient":""},"mobile":{"background-color":"","background-image":"","background-repeat":"repeat","background-position":"center center","background-size":"auto","background-attachment":"scroll","background-type":"","background-media":"","overlay-type":"","overlay-color":"","overlay-opacity":"","overlay-gradient":""}},"ast-content-background-meta":{"desktop":{"background-color":"var(--ast-global-color-5)","background-image":"","background-repeat":"repeat","background-position":"center center","background-size":"auto","background-attachment":"scroll","background-type":"","background-media":"","overlay-type":"","overlay-color":"","overlay-opacity":"","overlay-gradient":""},"tablet":{"background-color":"var(--ast-global-color-5)","background-image":"","background-repeat":"repeat","background-position":"center center","background-size":"auto","background-attachment":"scroll","background-type":"","background-media":"","overlay-type":"","overlay-color":"","overlay-opacity":"","overlay-gradient":""},"mobile":{"background-color":"var(--ast-global-color-5)","background-image":"","background-repeat":"repeat","background-position":"center center","background-size":"auto","background-attachment":"scroll","background-type":"","background-media":"","overlay-type":"","overlay-color":"","overlay-opacity":"","overlay-gradient":""}},"footnotes":""},"categories":[35],"tags":[],"class_list":["post-31840","post","type-post","status-publish","format-standard","has-post-thumbnail","hentry","category-bulletin-board"],"yoast_head":"<!-- This site is optimized with the Yoast SEO plugin v27.4 - https:\/\/yoast.com\/product\/yoast-seo-wordpress\/ -->\n<title>Ballet Folklorico Xochitl Presents - Sembrando Flores - 25th Anniversary Celebration - Little Village Chamber of Commerce<\/title>\n<meta name=\"robots\" content=\"index, follow, max-snippet:-1, max-image-preview:large, max-video-preview:-1\" \/>\n<link rel=\"canonical\" href=\"https:\/\/littlevillagechamber.org\/es\/ballet-folklorico-xochitl-presents-sembrando-flores-25th-anniversary-celebration\/\" \/>\n<meta property=\"og:locale\" content=\"es_MX\" \/>\n<meta property=\"og:type\" content=\"article\" \/>\n<meta property=\"og:title\" content=\"Ballet Folklorico Xochitl Presents - Sembrando Flores - 25th Anniversary Celebration - Little Village Chamber of Commerce\" \/>\n<meta property=\"og:description\" content=\"This performance is a celebration of our Mexican traditions and our commitment to passing these customs down to the younger generation through the art of dance.The title \u201cSembrando Flores,\u201d or \u201cplanting flowers,\u201d symbolizes the cultivation of love, joy, and wisdom within our community. It is a legacy that began over 25 years ago when our [&hellip;]\" \/>\n<meta property=\"og:url\" content=\"https:\/\/littlevillagechamber.org\/es\/ballet-folklorico-xochitl-presents-sembrando-flores-25th-anniversary-celebration\/\" \/>\n<meta property=\"og:site_name\" content=\"Little Village Chamber of Commerce\" \/>\n<meta property=\"article:published_time\" content=\"2026-03-05T19:57:01+00:00\" \/>\n<meta property=\"article:modified_time\" content=\"2026-03-05T19:57:30+00:00\" \/>\n<meta property=\"og:image\" content=\"https:\/\/littlevillagechamber.org\/wp-content\/uploads\/LVCC_sembrandoflorez.gif\" \/>\n\t<meta property=\"og:image:width\" content=\"1080\" \/>\n\t<meta property=\"og:image:height\" content=\"1350\" \/>\n\t<meta property=\"og:image:type\" content=\"image\/gif\" \/>\n<meta name=\"author\" content=\"Juan Carlos\" \/>\n<meta name=\"twitter:card\" content=\"summary_large_image\" \/>\n<meta name=\"twitter:label1\" content=\"Escrito por\" \/>\n\t<meta name=\"twitter:data1\" content=\"Juan Carlos\" \/>\n\t<meta name=\"twitter:label2\" content=\"Tiempo de lectura\" \/>\n\t<meta name=\"twitter:data2\" content=\"1 minuto\" \/>\n<script type=\"application\/ld+json\" class=\"yoast-schema-graph\">{\"@context\":\"https:\\\/\\\/schema.org\",\"@graph\":[{\"@type\":\"Article\",\"@id\":\"https:\\\/\\\/littlevillagechamber.org\\\/ballet-folklorico-xochitl-presents-sembrando-flores-25th-anniversary-celebration\\\/#article\",\"isPartOf\":{\"@id\":\"https:\\\/\\\/littlevillagechamber.org\\\/ballet-folklorico-xochitl-presents-sembrando-flores-25th-anniversary-celebration\\\/\"},\"author\":{\"name\":\"Juan Carlos\",\"@id\":\"https:\\\/\\\/littlevillagechamber.org\\\/#\\\/schema\\\/person\\\/3407b6127674b885823e3884d2881334\"},\"headline\":\"Ballet Folklorico Xochitl Presents &#8211; Sembrando Flores &#8211; 25th Anniversary Celebration\",\"datePublished\":\"2026-03-05T19:57:01+00:00\",\"dateModified\":\"2026-03-05T19:57:30+00:00\",\"mainEntityOfPage\":{\"@id\":\"https:\\\/\\\/littlevillagechamber.org\\\/ballet-folklorico-xochitl-presents-sembrando-flores-25th-anniversary-celebration\\\/\"},\"wordCount\":139,\"publisher\":{\"@id\":\"https:\\\/\\\/littlevillagechamber.org\\\/#organization\"},\"image\":{\"@id\":\"https:\\\/\\\/littlevillagechamber.org\\\/ballet-folklorico-xochitl-presents-sembrando-flores-25th-anniversary-celebration\\\/#primaryimage\"},\"thumbnailUrl\":\"https:\\\/\\\/littlevillagechamber.org\\\/wp-content\\\/uploads\\\/LVCC_sembrandoflorez.gif\",\"articleSection\":[\"Bulletin Board\"],\"inLanguage\":\"es\"},{\"@type\":\"WebPage\",\"@id\":\"https:\\\/\\\/littlevillagechamber.org\\\/ballet-folklorico-xochitl-presents-sembrando-flores-25th-anniversary-celebration\\\/\",\"url\":\"https:\\\/\\\/littlevillagechamber.org\\\/ballet-folklorico-xochitl-presents-sembrando-flores-25th-anniversary-celebration\\\/\",\"name\":\"Ballet Folklorico Xochitl Presents - Sembrando Flores - 25th Anniversary Celebration - Little Village Chamber of Commerce\",\"isPartOf\":{\"@id\":\"https:\\\/\\\/littlevillagechamber.org\\\/#website\"},\"primaryImageOfPage\":{\"@id\":\"https:\\\/\\\/littlevillagechamber.org\\\/ballet-folklorico-xochitl-presents-sembrando-flores-25th-anniversary-celebration\\\/#primaryimage\"},\"image\":{\"@id\":\"https:\\\/\\\/littlevillagechamber.org\\\/ballet-folklorico-xochitl-presents-sembrando-flores-25th-anniversary-celebration\\\/#primaryimage\"},\"thumbnailUrl\":\"https:\\\/\\\/littlevillagechamber.org\\\/wp-content\\\/uploads\\\/LVCC_sembrandoflorez.gif\",\"datePublished\":\"2026-03-05T19:57:01+00:00\",\"dateModified\":\"2026-03-05T19:57:30+00:00\",\"breadcrumb\":{\"@id\":\"https:\\\/\\\/littlevillagechamber.org\\\/ballet-folklorico-xochitl-presents-sembrando-flores-25th-anniversary-celebration\\\/#breadcrumb\"},\"inLanguage\":\"es\",\"potentialAction\":[{\"@type\":\"ReadAction\",\"target\":[\"https:\\\/\\\/littlevillagechamber.org\\\/ballet-folklorico-xochitl-presents-sembrando-flores-25th-anniversary-celebration\\\/\"]}]},{\"@type\":\"ImageObject\",\"inLanguage\":\"es\",\"@id\":\"https:\\\/\\\/littlevillagechamber.org\\\/ballet-folklorico-xochitl-presents-sembrando-flores-25th-anniversary-celebration\\\/#primaryimage\",\"url\":\"https:\\\/\\\/littlevillagechamber.org\\\/wp-content\\\/uploads\\\/LVCC_sembrandoflorez.gif\",\"contentUrl\":\"https:\\\/\\\/littlevillagechamber.org\\\/wp-content\\\/uploads\\\/LVCC_sembrandoflorez.gif\",\"width\":1080,\"height\":1350},{\"@type\":\"BreadcrumbList\",\"@id\":\"https:\\\/\\\/littlevillagechamber.org\\\/ballet-folklorico-xochitl-presents-sembrando-flores-25th-anniversary-celebration\\\/#breadcrumb\",\"itemListElement\":[{\"@type\":\"ListItem\",\"position\":1,\"name\":\"Home\",\"item\":\"https:\\\/\\\/littlevillagechamber.org\\\/\"},{\"@type\":\"ListItem\",\"position\":2,\"name\":\"Ballet Folklorico Xochitl Presents &#8211; Sembrando Flores &#8211; 25th Anniversary Celebration\"}]},{\"@type\":\"WebSite\",\"@id\":\"https:\\\/\\\/littlevillagechamber.org\\\/#website\",\"url\":\"https:\\\/\\\/littlevillagechamber.org\\\/\",\"name\":\"Little Village Chamber of Commerce\",\"description\":\"Tu Mexico, Tu Chicago!\",\"publisher\":{\"@id\":\"https:\\\/\\\/littlevillagechamber.org\\\/#organization\"},\"potentialAction\":[{\"@type\":\"SearchAction\",\"target\":{\"@type\":\"EntryPoint\",\"urlTemplate\":\"https:\\\/\\\/littlevillagechamber.org\\\/?s={search_term_string}\"},\"query-input\":{\"@type\":\"PropertyValueSpecification\",\"valueRequired\":true,\"valueName\":\"search_term_string\"}}],\"inLanguage\":\"es\"},{\"@type\":\"Organization\",\"@id\":\"https:\\\/\\\/littlevillagechamber.org\\\/#organization\",\"name\":\"Little Village Chamber of Commerce\",\"url\":\"https:\\\/\\\/littlevillagechamber.org\\\/\",\"logo\":{\"@type\":\"ImageObject\",\"inLanguage\":\"es\",\"@id\":\"https:\\\/\\\/littlevillagechamber.org\\\/#\\\/schema\\\/logo\\\/image\\\/\",\"url\":\"https:\\\/\\\/littlevillagechamber.org\\\/wp-content\\\/uploads\\\/LVCC.png\",\"contentUrl\":\"https:\\\/\\\/littlevillagechamber.org\\\/wp-content\\\/uploads\\\/LVCC.png\",\"width\":300,\"height\":257,\"caption\":\"Little Village Chamber of Commerce\"},\"image\":{\"@id\":\"https:\\\/\\\/littlevillagechamber.org\\\/#\\\/schema\\\/logo\\\/image\\\/\"}},{\"@type\":\"Person\",\"@id\":\"https:\\\/\\\/littlevillagechamber.org\\\/#\\\/schema\\\/person\\\/3407b6127674b885823e3884d2881334\",\"name\":\"Juan Carlos\",\"image\":{\"@type\":\"ImageObject\",\"inLanguage\":\"es\",\"@id\":\"https:\\\/\\\/secure.gravatar.com\\\/avatar\\\/dbb8bb62a16f84597a78e9714051cf73aa61edd7d20627881ab9e20dcccffd2e?s=96&d=mm&r=g\",\"url\":\"https:\\\/\\\/secure.gravatar.com\\\/avatar\\\/dbb8bb62a16f84597a78e9714051cf73aa61edd7d20627881ab9e20dcccffd2e?s=96&d=mm&r=g\",\"contentUrl\":\"https:\\\/\\\/secure.gravatar.com\\\/avatar\\\/dbb8bb62a16f84597a78e9714051cf73aa61edd7d20627881ab9e20dcccffd2e?s=96&d=mm&r=g\",\"caption\":\"Juan Carlos\"},\"url\":\"https:\\\/\\\/littlevillagechamber.org\\\/es\\\/author\\\/juancarlos\\\/\"}]}<\/script>\n<!-- \/ Yoast SEO plugin. -->","yoast_head_json":{"title":"Ballet Folklorico Xochitl Presents - Sembrando Flores - 25th Anniversary Celebration - Little Village Chamber of Commerce","robots":{"index":"index","follow":"follow","max-snippet":"max-snippet:-1","max-image-preview":"max-image-preview:large","max-video-preview":"max-video-preview:-1"},"canonical":"https:\/\/littlevillagechamber.org\/es\/ballet-folklorico-xochitl-presents-sembrando-flores-25th-anniversary-celebration\/","og_locale":"es_MX","og_type":"article","og_title":"Ballet Folklorico Xochitl Presents - Sembrando Flores - 25th Anniversary Celebration - Little Village Chamber of Commerce","og_description":"This performance is a celebration of our Mexican traditions and our commitment to passing these customs down to the younger generation through the art of dance.The title \u201cSembrando Flores,\u201d or \u201cplanting flowers,\u201d symbolizes the cultivation of love, joy, and wisdom within our community. It is a legacy that began over 25 years ago when our [&hellip;]","og_url":"https:\/\/littlevillagechamber.org\/es\/ballet-folklorico-xochitl-presents-sembrando-flores-25th-anniversary-celebration\/","og_site_name":"Little Village Chamber of Commerce","article_published_time":"2026-03-05T19:57:01+00:00","article_modified_time":"2026-03-05T19:57:30+00:00","og_image":[{"width":1080,"height":1350,"url":"https:\/\/littlevillagechamber.org\/wp-content\/uploads\/LVCC_sembrandoflorez.gif","type":"image\/gif"}],"author":"Juan Carlos","twitter_card":"summary_large_image","twitter_misc":{"Escrito por":"Juan Carlos","Tiempo de lectura":"1 minuto"},"schema":{"@context":"https:\/\/schema.org","@graph":[{"@type":"Article","@id":"https:\/\/littlevillagechamber.org\/ballet-folklorico-xochitl-presents-sembrando-flores-25th-anniversary-celebration\/#article","isPartOf":{"@id":"https:\/\/littlevillagechamber.org\/ballet-folklorico-xochitl-presents-sembrando-flores-25th-anniversary-celebration\/"},"author":{"name":"Juan Carlos","@id":"https:\/\/littlevillagechamber.org\/#\/schema\/person\/3407b6127674b885823e3884d2881334"},"headline":"Ballet Folklorico Xochitl Presents &#8211; Sembrando Flores &#8211; 25th Anniversary Celebration","datePublished":"2026-03-05T19:57:01+00:00","dateModified":"2026-03-05T19:57:30+00:00","mainEntityOfPage":{"@id":"https:\/\/littlevillagechamber.org\/ballet-folklorico-xochitl-presents-sembrando-flores-25th-anniversary-celebration\/"},"wordCount":139,"publisher":{"@id":"https:\/\/littlevillagechamber.org\/#organization"},"image":{"@id":"https:\/\/littlevillagechamber.org\/ballet-folklorico-xochitl-presents-sembrando-flores-25th-anniversary-celebration\/#primaryimage"},"thumbnailUrl":"https:\/\/littlevillagechamber.org\/wp-content\/uploads\/LVCC_sembrandoflorez.gif","articleSection":["Bulletin Board"],"inLanguage":"es"},{"@type":"WebPage","@id":"https:\/\/littlevillagechamber.org\/ballet-folklorico-xochitl-presents-sembrando-flores-25th-anniversary-celebration\/","url":"https:\/\/littlevillagechamber.org\/ballet-folklorico-xochitl-presents-sembrando-flores-25th-anniversary-celebration\/","name":"Ballet Folklorico Xochitl Presents - Sembrando Flores - 25th Anniversary Celebration - Little Village Chamber of Commerce","isPartOf":{"@id":"https:\/\/littlevillagechamber.org\/#website"},"primaryImageOfPage":{"@id":"https:\/\/littlevillagechamber.org\/ballet-folklorico-xochitl-presents-sembrando-flores-25th-anniversary-celebration\/#primaryimage"},"image":{"@id":"https:\/\/littlevillagechamber.org\/ballet-folklorico-xochitl-presents-sembrando-flores-25th-anniversary-celebration\/#primaryimage"},"thumbnailUrl":"https:\/\/littlevillagechamber.org\/wp-content\/uploads\/LVCC_sembrandoflorez.gif","datePublished":"2026-03-05T19:57:01+00:00","dateModified":"2026-03-05T19:57:30+00:00","breadcrumb":{"@id":"https:\/\/littlevillagechamber.org\/ballet-folklorico-xochitl-presents-sembrando-flores-25th-anniversary-celebration\/#breadcrumb"},"inLanguage":"es","potentialAction":[{"@type":"ReadAction","target":["https:\/\/littlevillagechamber.org\/ballet-folklorico-xochitl-presents-sembrando-flores-25th-anniversary-celebration\/"]}]},{"@type":"ImageObject","inLanguage":"es","@id":"https:\/\/littlevillagechamber.org\/ballet-folklorico-xochitl-presents-sembrando-flores-25th-anniversary-celebration\/#primaryimage","url":"https:\/\/littlevillagechamber.org\/wp-content\/uploads\/LVCC_sembrandoflorez.gif","contentUrl":"https:\/\/littlevillagechamber.org\/wp-content\/uploads\/LVCC_sembrandoflorez.gif","width":1080,"height":1350},{"@type":"BreadcrumbList","@id":"https:\/\/littlevillagechamber.org\/ballet-folklorico-xochitl-presents-sembrando-flores-25th-anniversary-celebration\/#breadcrumb","itemListElement":[{"@type":"ListItem","position":1,"name":"Home","item":"https:\/\/littlevillagechamber.org\/"},{"@type":"ListItem","position":2,"name":"Ballet Folklorico Xochitl Presents &#8211; Sembrando Flores &#8211; 25th Anniversary Celebration"}]},{"@type":"WebSite","@id":"https:\/\/littlevillagechamber.org\/#website","url":"https:\/\/littlevillagechamber.org\/","name":"La C\u00e1mara de Comercio de La Villita","description":"Tu M\u00e9xico, Tu Chicago!","publisher":{"@id":"https:\/\/littlevillagechamber.org\/#organization"},"potentialAction":[{"@type":"SearchAction","target":{"@type":"EntryPoint","urlTemplate":"https:\/\/littlevillagechamber.org\/?s={search_term_string}"},"query-input":{"@type":"PropertyValueSpecification","valueRequired":true,"valueName":"search_term_string"}}],"inLanguage":"es"},{"@type":"Organization","@id":"https:\/\/littlevillagechamber.org\/#organization","name":"La C\u00e1mara de Comercio de La Villita","url":"https:\/\/littlevillagechamber.org\/","logo":{"@type":"ImageObject","inLanguage":"es","@id":"https:\/\/littlevillagechamber.org\/#\/schema\/logo\/image\/","url":"https:\/\/littlevillagechamber.org\/wp-content\/uploads\/LVCC.png","contentUrl":"https:\/\/littlevillagechamber.org\/wp-content\/uploads\/LVCC.png","width":300,"height":257,"caption":"Little Village Chamber of Commerce"},"image":{"@id":"https:\/\/littlevillagechamber.org\/#\/schema\/logo\/image\/"}},{"@type":"Person","@id":"https:\/\/littlevillagechamber.org\/#\/schema\/person\/3407b6127674b885823e3884d2881334","name":"Juan Carlos","image":{"@type":"ImageObject","inLanguage":"es","@id":"https:\/\/secure.gravatar.com\/avatar\/dbb8bb62a16f84597a78e9714051cf73aa61edd7d20627881ab9e20dcccffd2e?s=96&d=mm&r=g","url":"https:\/\/secure.gravatar.com\/avatar\/dbb8bb62a16f84597a78e9714051cf73aa61edd7d20627881ab9e20dcccffd2e?s=96&d=mm&r=g","contentUrl":"https:\/\/secure.gravatar.com\/avatar\/dbb8bb62a16f84597a78e9714051cf73aa61edd7d20627881ab9e20dcccffd2e?s=96&d=mm&r=g","caption":"Juan Carlos"},"url":"https:\/\/littlevillagechamber.org\/es\/author\/juancarlos\/"}]}},"_links":{"self":[{"href":"https:\/\/littlevillagechamber.org\/es\/wp-json\/wp\/v2\/posts\/31840","targetHints":{"allow":["GET"]}}],"collection":[{"href":"https:\/\/littlevillagechamber.org\/es\/wp-json\/wp\/v2\/posts"}],"about":[{"href":"https:\/\/littlevillagechamber.org\/es\/wp-json\/wp\/v2\/types\/post"}],"author":[{"embeddable":true,"href":"https:\/\/littlevillagechamber.org\/es\/wp-json\/wp\/v2\/users\/213"}],"replies":[{"embeddable":true,"href":"https:\/\/littlevillagechamber.org\/es\/wp-json\/wp\/v2\/comments?post=31840"}],"version-history":[{"count":1,"href":"https:\/\/littlevillagechamber.org\/es\/wp-json\/wp\/v2\/posts\/31840\/revisions"}],"predecessor-version":[{"id":31842,"href":"https:\/\/littlevillagechamber.org\/es\/wp-json\/wp\/v2\/posts\/31840\/revisions\/31842"}],"wp:featuredmedia":[{"embeddable":true,"href":"https:\/\/littlevillagechamber.org\/es\/wp-json\/wp\/v2\/media\/31841"}],"wp:attachment":[{"href":"https:\/\/littlevillagechamber.org\/es\/wp-json\/wp\/v2\/media?parent=31840"}],"wp:term":[{"taxonomy":"category","embeddable":true,"href":"https:\/\/littlevillagechamber.org\/es\/wp-json\/wp\/v2\/categories?post=31840"},{"taxonomy":"post_tag","embeddable":true,"href":"https:\/\/littlevillagechamber.org\/es\/wp-json\/wp\/v2\/tags?post=31840"}],"curies":[{"name":"wp","href":"https:\/\/api.w.org\/{rel}","templated":true}]}}