{"id":31833,"date":"2026-03-05T13:54:18","date_gmt":"2026-03-05T19:54:18","guid":{"rendered":"https:\/\/littlevillagechamber.org\/?p=31833"},"modified":"2026-03-05T13:54:18","modified_gmt":"2026-03-05T19:54:18","slug":"flv-2026-spa-juntos-emprendemos_-cohort-1","status":"publish","type":"post","link":"https:\/\/littlevillagechamber.org\/es\/flv-2026-spa-juntos-emprendemos_-cohort-1\/","title":{"rendered":"FLV 2026 SPA Juntos Emprendemos_ Cohort 1"},"content":{"rendered":"<p>Juntos Emprendemos es un programa gratuito de 10 semanas, dise\u00f1ado para emprendedores que ya han desarrollado una idea de negocio s\u00f3lida y est\u00e1n listos para impulsar su negocio al siguiente nivel. Basado en los fundamentos de &#8220;Juntos Lanzamos&#8221;, este programa profundiza en conceptos empresariales avanzados, incluyendo planificaci\u00f3n financiera estrat\u00e9gica, posicionamiento de marca, estrategias de ventas y escalabilidad operativa.<br class=\"html-br\" \/><br class=\"html-br\" \/>A trav\u00e9s de sesiones virtuales interactivas, perfeccionar\u00e1s tu modelo de negocio, crear\u00e1s una estrategia de crecimiento y desarrollar\u00e1s habilidades de liderazgo para gestionar y expandir tu negocio eficazmente.<br class=\"html-br\" \/><br class=\"html-br\" \/>Este programa comienza el 18 de Marzo de 6pm a 8pm en l\u00ednea. Ser\u00e1 todos los miercoles a la misma hora durante 10 semanas en l\u00ednea, finalizando el 20 de Mayo + una graduacion presencial<br class=\"html-br\" \/><br class=\"html-br\" \/><span class=\"html-span xdj266r x14z9mp xat24cr x1lziwak xexx8yu xyri2b x18d9i69 x1c1uobl x1hl2dhg x16tdsg8 x1vvkbs\"><a class=\"x1i10hfl xjbqb8w x1ejq31n x18oe1m7 x1sy0etr xstzfhl x972fbf x10w94by x1qhh985 x14e42zd x9f619 x1ypdohk xt0psk2 x3ct3a4 xdj266r x14z9mp xat24cr x1lziwak xexx8yu xyri2b x18d9i69 x1c1uobl x16tdsg8 x1hl2dhg xggy1nq x1a2a7pz xkrqix3 x1sur9pj x1fey0fg x1s688f\" tabindex=\"0\" role=\"link\" href=\"https:\/\/flvchicago.org\/es\/programs\/juntos-avanzamos\/?fbclid=IwZXh0bgNhZW0CMTAAYnJpZBExVWZheTBZc0V1VEhVOEFrM3NydGMGYXBwX2lkEDIyMjAzOTE3ODgyMDA4OTIAAR7utuvg3AhdLcgiACLiGksAErblzNSYO5mBGAv0agEv2cpb3mPSJFGVhxPWig_aem_6j4dhXFUCrzPhYkbZCcHOA\" target=\"_blank\" rel=\"nofollow noopener noreferrer\">https:\/\/flvchicago.org\/es\/programs\/juntos-avanzamos\/<\/a><\/span><\/p>","protected":false},"excerpt":{"rendered":"<p>Juntos Emprendemos es un programa gratuito de 10 semanas, dise\u00f1ado para emprendedores que ya han desarrollado una idea de negocio s\u00f3lida y est\u00e1n listos para impulsar su negocio al siguiente nivel. Basado en los fundamentos de &#8220;Juntos Lanzamos&#8221;, este programa profundiza en conceptos empresariales avanzados, incluyendo planificaci\u00f3n financiera estrat\u00e9gica, posicionamiento de marca, estrategias de ventas [&hellip;]<\/p>\n","protected":false},"author":213,"featured_media":31834,"comment_status":"closed","ping_status":"open","sticky":false,"template":"","format":"standard","meta":{"site-sidebar-layout":"default","site-content-layout":"","ast-site-content-layout":"default","site-content-style":"default","site-sidebar-style":"default","ast-global-header-display":"","ast-banner-title-visibility":"","ast-main-header-display":"","ast-hfb-above-header-display":"","ast-hfb-below-header-display":"","ast-hfb-mobile-header-display":"","site-post-title":"","ast-breadcrumbs-content":"","ast-featured-img":"","footer-sml-layout":"","ast-disable-related-posts":"","theme-transparent-header-meta":"default","adv-header-id-meta":"","stick-header-meta":"default","header-above-stick-meta":"","header-main-stick-meta":"","header-below-stick-meta":"","astra-migrate-meta-layouts":"set","ast-page-background-enabled":"default","ast-page-background-meta":{"desktop":{"background-color":"","background-image":"","background-repeat":"repeat","background-position":"center center","background-size":"auto","background-attachment":"scroll","background-type":"","background-media":"","overlay-type":"","overlay-color":"","overlay-opacity":"","overlay-gradient":""},"tablet":{"background-color":"","background-image":"","background-repeat":"repeat","background-position":"center center","background-size":"auto","background-attachment":"scroll","background-type":"","background-media":"","overlay-type":"","overlay-color":"","overlay-opacity":"","overlay-gradient":""},"mobile":{"background-color":"","background-image":"","background-repeat":"repeat","background-position":"center center","background-size":"auto","background-attachment":"scroll","background-type":"","background-media":"","overlay-type":"","overlay-color":"","overlay-opacity":"","overlay-gradient":""}},"ast-content-background-meta":{"desktop":{"background-color":"var(--ast-global-color-5)","background-image":"","background-repeat":"repeat","background-position":"center center","background-size":"auto","background-attachment":"scroll","background-type":"","background-media":"","overlay-type":"","overlay-color":"","overlay-opacity":"","overlay-gradient":""},"tablet":{"background-color":"var(--ast-global-color-5)","background-image":"","background-repeat":"repeat","background-position":"center center","background-size":"auto","background-attachment":"scroll","background-type":"","background-media":"","overlay-type":"","overlay-color":"","overlay-opacity":"","overlay-gradient":""},"mobile":{"background-color":"var(--ast-global-color-5)","background-image":"","background-repeat":"repeat","background-position":"center center","background-size":"auto","background-attachment":"scroll","background-type":"","background-media":"","overlay-type":"","overlay-color":"","overlay-opacity":"","overlay-gradient":""}},"footnotes":""},"categories":[35],"tags":[],"class_list":["post-31833","post","type-post","status-publish","format-standard","has-post-thumbnail","hentry","category-bulletin-board"],"yoast_head":"<!-- This site is optimized with the Yoast SEO plugin v27.4 - https:\/\/yoast.com\/product\/yoast-seo-wordpress\/ -->\n<title>FLV 2026 SPA Juntos Emprendemos_ Cohort 1 - Little Village Chamber of Commerce<\/title>\n<meta name=\"robots\" content=\"index, follow, max-snippet:-1, max-image-preview:large, max-video-preview:-1\" \/>\n<link rel=\"canonical\" href=\"https:\/\/littlevillagechamber.org\/es\/flv-2026-spa-juntos-emprendemos_-cohort-1\/\" \/>\n<meta property=\"og:locale\" content=\"es_MX\" \/>\n<meta property=\"og:type\" content=\"article\" \/>\n<meta property=\"og:title\" content=\"FLV 2026 SPA Juntos Emprendemos_ Cohort 1 - Little Village Chamber of Commerce\" \/>\n<meta property=\"og:description\" content=\"Juntos Emprendemos es un programa gratuito de 10 semanas, dise\u00f1ado para emprendedores que ya han desarrollado una idea de negocio s\u00f3lida y est\u00e1n listos para impulsar su negocio al siguiente nivel. Basado en los fundamentos de &#8220;Juntos Lanzamos&#8221;, este programa profundiza en conceptos empresariales avanzados, incluyendo planificaci\u00f3n financiera estrat\u00e9gica, posicionamiento de marca, estrategias de ventas [&hellip;]\" \/>\n<meta property=\"og:url\" content=\"https:\/\/littlevillagechamber.org\/es\/flv-2026-spa-juntos-emprendemos_-cohort-1\/\" \/>\n<meta property=\"og:site_name\" content=\"Little Village Chamber of Commerce\" \/>\n<meta property=\"article:published_time\" content=\"2026-03-05T19:54:18+00:00\" \/>\n<meta property=\"og:image\" content=\"https:\/\/littlevillagechamber.org\/wp-content\/uploads\/LVCC_Delamano_program.jpg\" \/>\n\t<meta property=\"og:image:width\" content=\"1080\" \/>\n\t<meta property=\"og:image:height\" content=\"1350\" \/>\n\t<meta property=\"og:image:type\" content=\"image\/jpeg\" \/>\n<meta name=\"author\" content=\"Juan Carlos\" \/>\n<meta name=\"twitter:card\" content=\"summary_large_image\" \/>\n<meta name=\"twitter:label1\" content=\"Escrito por\" \/>\n\t<meta name=\"twitter:data1\" content=\"Juan Carlos\" \/>\n\t<meta name=\"twitter:label2\" content=\"Tiempo de lectura\" \/>\n\t<meta name=\"twitter:data2\" content=\"1 minuto\" \/>\n<script type=\"application\/ld+json\" class=\"yoast-schema-graph\">{\"@context\":\"https:\\\/\\\/schema.org\",\"@graph\":[{\"@type\":\"Article\",\"@id\":\"https:\\\/\\\/littlevillagechamber.org\\\/flv-2026-spa-juntos-emprendemos_-cohort-1\\\/#article\",\"isPartOf\":{\"@id\":\"https:\\\/\\\/littlevillagechamber.org\\\/flv-2026-spa-juntos-emprendemos_-cohort-1\\\/\"},\"author\":{\"name\":\"Juan Carlos\",\"@id\":\"https:\\\/\\\/littlevillagechamber.org\\\/#\\\/schema\\\/person\\\/3407b6127674b885823e3884d2881334\"},\"headline\":\"FLV 2026 SPA Juntos Emprendemos_ Cohort 1\",\"datePublished\":\"2026-03-05T19:54:18+00:00\",\"mainEntityOfPage\":{\"@id\":\"https:\\\/\\\/littlevillagechamber.org\\\/flv-2026-spa-juntos-emprendemos_-cohort-1\\\/\"},\"wordCount\":138,\"publisher\":{\"@id\":\"https:\\\/\\\/littlevillagechamber.org\\\/#organization\"},\"image\":{\"@id\":\"https:\\\/\\\/littlevillagechamber.org\\\/flv-2026-spa-juntos-emprendemos_-cohort-1\\\/#primaryimage\"},\"thumbnailUrl\":\"https:\\\/\\\/littlevillagechamber.org\\\/wp-content\\\/uploads\\\/LVCC_Delamano_program.jpg\",\"articleSection\":[\"Bulletin Board\"],\"inLanguage\":\"es\"},{\"@type\":\"WebPage\",\"@id\":\"https:\\\/\\\/littlevillagechamber.org\\\/flv-2026-spa-juntos-emprendemos_-cohort-1\\\/\",\"url\":\"https:\\\/\\\/littlevillagechamber.org\\\/flv-2026-spa-juntos-emprendemos_-cohort-1\\\/\",\"name\":\"FLV 2026 SPA Juntos Emprendemos_ Cohort 1 - Little Village Chamber of Commerce\",\"isPartOf\":{\"@id\":\"https:\\\/\\\/littlevillagechamber.org\\\/#website\"},\"primaryImageOfPage\":{\"@id\":\"https:\\\/\\\/littlevillagechamber.org\\\/flv-2026-spa-juntos-emprendemos_-cohort-1\\\/#primaryimage\"},\"image\":{\"@id\":\"https:\\\/\\\/littlevillagechamber.org\\\/flv-2026-spa-juntos-emprendemos_-cohort-1\\\/#primaryimage\"},\"thumbnailUrl\":\"https:\\\/\\\/littlevillagechamber.org\\\/wp-content\\\/uploads\\\/LVCC_Delamano_program.jpg\",\"datePublished\":\"2026-03-05T19:54:18+00:00\",\"breadcrumb\":{\"@id\":\"https:\\\/\\\/littlevillagechamber.org\\\/flv-2026-spa-juntos-emprendemos_-cohort-1\\\/#breadcrumb\"},\"inLanguage\":\"es\",\"potentialAction\":[{\"@type\":\"ReadAction\",\"target\":[\"https:\\\/\\\/littlevillagechamber.org\\\/flv-2026-spa-juntos-emprendemos_-cohort-1\\\/\"]}]},{\"@type\":\"ImageObject\",\"inLanguage\":\"es\",\"@id\":\"https:\\\/\\\/littlevillagechamber.org\\\/flv-2026-spa-juntos-emprendemos_-cohort-1\\\/#primaryimage\",\"url\":\"https:\\\/\\\/littlevillagechamber.org\\\/wp-content\\\/uploads\\\/LVCC_Delamano_program.jpg\",\"contentUrl\":\"https:\\\/\\\/littlevillagechamber.org\\\/wp-content\\\/uploads\\\/LVCC_Delamano_program.jpg\",\"width\":1080,\"height\":1350},{\"@type\":\"BreadcrumbList\",\"@id\":\"https:\\\/\\\/littlevillagechamber.org\\\/flv-2026-spa-juntos-emprendemos_-cohort-1\\\/#breadcrumb\",\"itemListElement\":[{\"@type\":\"ListItem\",\"position\":1,\"name\":\"Home\",\"item\":\"https:\\\/\\\/littlevillagechamber.org\\\/\"},{\"@type\":\"ListItem\",\"position\":2,\"name\":\"FLV 2026 SPA Juntos Emprendemos_ Cohort 1\"}]},{\"@type\":\"WebSite\",\"@id\":\"https:\\\/\\\/littlevillagechamber.org\\\/#website\",\"url\":\"https:\\\/\\\/littlevillagechamber.org\\\/\",\"name\":\"Little Village Chamber of Commerce\",\"description\":\"Tu Mexico, Tu Chicago!\",\"publisher\":{\"@id\":\"https:\\\/\\\/littlevillagechamber.org\\\/#organization\"},\"potentialAction\":[{\"@type\":\"SearchAction\",\"target\":{\"@type\":\"EntryPoint\",\"urlTemplate\":\"https:\\\/\\\/littlevillagechamber.org\\\/?s={search_term_string}\"},\"query-input\":{\"@type\":\"PropertyValueSpecification\",\"valueRequired\":true,\"valueName\":\"search_term_string\"}}],\"inLanguage\":\"es\"},{\"@type\":\"Organization\",\"@id\":\"https:\\\/\\\/littlevillagechamber.org\\\/#organization\",\"name\":\"Little Village Chamber of Commerce\",\"url\":\"https:\\\/\\\/littlevillagechamber.org\\\/\",\"logo\":{\"@type\":\"ImageObject\",\"inLanguage\":\"es\",\"@id\":\"https:\\\/\\\/littlevillagechamber.org\\\/#\\\/schema\\\/logo\\\/image\\\/\",\"url\":\"https:\\\/\\\/littlevillagechamber.org\\\/wp-content\\\/uploads\\\/LVCC.png\",\"contentUrl\":\"https:\\\/\\\/littlevillagechamber.org\\\/wp-content\\\/uploads\\\/LVCC.png\",\"width\":300,\"height\":257,\"caption\":\"Little Village Chamber of Commerce\"},\"image\":{\"@id\":\"https:\\\/\\\/littlevillagechamber.org\\\/#\\\/schema\\\/logo\\\/image\\\/\"}},{\"@type\":\"Person\",\"@id\":\"https:\\\/\\\/littlevillagechamber.org\\\/#\\\/schema\\\/person\\\/3407b6127674b885823e3884d2881334\",\"name\":\"Juan Carlos\",\"image\":{\"@type\":\"ImageObject\",\"inLanguage\":\"es\",\"@id\":\"https:\\\/\\\/secure.gravatar.com\\\/avatar\\\/dbb8bb62a16f84597a78e9714051cf73aa61edd7d20627881ab9e20dcccffd2e?s=96&d=mm&r=g\",\"url\":\"https:\\\/\\\/secure.gravatar.com\\\/avatar\\\/dbb8bb62a16f84597a78e9714051cf73aa61edd7d20627881ab9e20dcccffd2e?s=96&d=mm&r=g\",\"contentUrl\":\"https:\\\/\\\/secure.gravatar.com\\\/avatar\\\/dbb8bb62a16f84597a78e9714051cf73aa61edd7d20627881ab9e20dcccffd2e?s=96&d=mm&r=g\",\"caption\":\"Juan Carlos\"},\"url\":\"https:\\\/\\\/littlevillagechamber.org\\\/es\\\/author\\\/juancarlos\\\/\"}]}<\/script>\n<!-- \/ Yoast SEO plugin. -->","yoast_head_json":{"title":"FLV 2026 SPA Juntos Emprendemos_ Cohort 1 - Little Village Chamber of Commerce","robots":{"index":"index","follow":"follow","max-snippet":"max-snippet:-1","max-image-preview":"max-image-preview:large","max-video-preview":"max-video-preview:-1"},"canonical":"https:\/\/littlevillagechamber.org\/es\/flv-2026-spa-juntos-emprendemos_-cohort-1\/","og_locale":"es_MX","og_type":"article","og_title":"FLV 2026 SPA Juntos Emprendemos_ Cohort 1 - Little Village Chamber of Commerce","og_description":"Juntos Emprendemos es un programa gratuito de 10 semanas, dise\u00f1ado para emprendedores que ya han desarrollado una idea de negocio s\u00f3lida y est\u00e1n listos para impulsar su negocio al siguiente nivel. Basado en los fundamentos de &#8220;Juntos Lanzamos&#8221;, este programa profundiza en conceptos empresariales avanzados, incluyendo planificaci\u00f3n financiera estrat\u00e9gica, posicionamiento de marca, estrategias de ventas [&hellip;]","og_url":"https:\/\/littlevillagechamber.org\/es\/flv-2026-spa-juntos-emprendemos_-cohort-1\/","og_site_name":"Little Village Chamber of Commerce","article_published_time":"2026-03-05T19:54:18+00:00","og_image":[{"width":1080,"height":1350,"url":"https:\/\/littlevillagechamber.org\/wp-content\/uploads\/LVCC_Delamano_program.jpg","type":"image\/jpeg"}],"author":"Juan Carlos","twitter_card":"summary_large_image","twitter_misc":{"Escrito por":"Juan Carlos","Tiempo de lectura":"1 minuto"},"schema":{"@context":"https:\/\/schema.org","@graph":[{"@type":"Article","@id":"https:\/\/littlevillagechamber.org\/flv-2026-spa-juntos-emprendemos_-cohort-1\/#article","isPartOf":{"@id":"https:\/\/littlevillagechamber.org\/flv-2026-spa-juntos-emprendemos_-cohort-1\/"},"author":{"name":"Juan Carlos","@id":"https:\/\/littlevillagechamber.org\/#\/schema\/person\/3407b6127674b885823e3884d2881334"},"headline":"FLV 2026 SPA Juntos Emprendemos_ Cohort 1","datePublished":"2026-03-05T19:54:18+00:00","mainEntityOfPage":{"@id":"https:\/\/littlevillagechamber.org\/flv-2026-spa-juntos-emprendemos_-cohort-1\/"},"wordCount":138,"publisher":{"@id":"https:\/\/littlevillagechamber.org\/#organization"},"image":{"@id":"https:\/\/littlevillagechamber.org\/flv-2026-spa-juntos-emprendemos_-cohort-1\/#primaryimage"},"thumbnailUrl":"https:\/\/littlevillagechamber.org\/wp-content\/uploads\/LVCC_Delamano_program.jpg","articleSection":["Bulletin Board"],"inLanguage":"es"},{"@type":"WebPage","@id":"https:\/\/littlevillagechamber.org\/flv-2026-spa-juntos-emprendemos_-cohort-1\/","url":"https:\/\/littlevillagechamber.org\/flv-2026-spa-juntos-emprendemos_-cohort-1\/","name":"FLV 2026 SPA Juntos Emprendemos_ Cohort 1 - Little Village Chamber of Commerce","isPartOf":{"@id":"https:\/\/littlevillagechamber.org\/#website"},"primaryImageOfPage":{"@id":"https:\/\/littlevillagechamber.org\/flv-2026-spa-juntos-emprendemos_-cohort-1\/#primaryimage"},"image":{"@id":"https:\/\/littlevillagechamber.org\/flv-2026-spa-juntos-emprendemos_-cohort-1\/#primaryimage"},"thumbnailUrl":"https:\/\/littlevillagechamber.org\/wp-content\/uploads\/LVCC_Delamano_program.jpg","datePublished":"2026-03-05T19:54:18+00:00","breadcrumb":{"@id":"https:\/\/littlevillagechamber.org\/flv-2026-spa-juntos-emprendemos_-cohort-1\/#breadcrumb"},"inLanguage":"es","potentialAction":[{"@type":"ReadAction","target":["https:\/\/littlevillagechamber.org\/flv-2026-spa-juntos-emprendemos_-cohort-1\/"]}]},{"@type":"ImageObject","inLanguage":"es","@id":"https:\/\/littlevillagechamber.org\/flv-2026-spa-juntos-emprendemos_-cohort-1\/#primaryimage","url":"https:\/\/littlevillagechamber.org\/wp-content\/uploads\/LVCC_Delamano_program.jpg","contentUrl":"https:\/\/littlevillagechamber.org\/wp-content\/uploads\/LVCC_Delamano_program.jpg","width":1080,"height":1350},{"@type":"BreadcrumbList","@id":"https:\/\/littlevillagechamber.org\/flv-2026-spa-juntos-emprendemos_-cohort-1\/#breadcrumb","itemListElement":[{"@type":"ListItem","position":1,"name":"Home","item":"https:\/\/littlevillagechamber.org\/"},{"@type":"ListItem","position":2,"name":"FLV 2026 SPA Juntos Emprendemos_ Cohort 1"}]},{"@type":"WebSite","@id":"https:\/\/littlevillagechamber.org\/#website","url":"https:\/\/littlevillagechamber.org\/","name":"La C\u00e1mara de Comercio de La Villita","description":"Tu M\u00e9xico, Tu Chicago!","publisher":{"@id":"https:\/\/littlevillagechamber.org\/#organization"},"potentialAction":[{"@type":"SearchAction","target":{"@type":"EntryPoint","urlTemplate":"https:\/\/littlevillagechamber.org\/?s={search_term_string}"},"query-input":{"@type":"PropertyValueSpecification","valueRequired":true,"valueName":"search_term_string"}}],"inLanguage":"es"},{"@type":"Organization","@id":"https:\/\/littlevillagechamber.org\/#organization","name":"La C\u00e1mara de Comercio de La Villita","url":"https:\/\/littlevillagechamber.org\/","logo":{"@type":"ImageObject","inLanguage":"es","@id":"https:\/\/littlevillagechamber.org\/#\/schema\/logo\/image\/","url":"https:\/\/littlevillagechamber.org\/wp-content\/uploads\/LVCC.png","contentUrl":"https:\/\/littlevillagechamber.org\/wp-content\/uploads\/LVCC.png","width":300,"height":257,"caption":"Little Village Chamber of Commerce"},"image":{"@id":"https:\/\/littlevillagechamber.org\/#\/schema\/logo\/image\/"}},{"@type":"Person","@id":"https:\/\/littlevillagechamber.org\/#\/schema\/person\/3407b6127674b885823e3884d2881334","name":"Juan Carlos","image":{"@type":"ImageObject","inLanguage":"es","@id":"https:\/\/secure.gravatar.com\/avatar\/dbb8bb62a16f84597a78e9714051cf73aa61edd7d20627881ab9e20dcccffd2e?s=96&d=mm&r=g","url":"https:\/\/secure.gravatar.com\/avatar\/dbb8bb62a16f84597a78e9714051cf73aa61edd7d20627881ab9e20dcccffd2e?s=96&d=mm&r=g","contentUrl":"https:\/\/secure.gravatar.com\/avatar\/dbb8bb62a16f84597a78e9714051cf73aa61edd7d20627881ab9e20dcccffd2e?s=96&d=mm&r=g","caption":"Juan Carlos"},"url":"https:\/\/littlevillagechamber.org\/es\/author\/juancarlos\/"}]}},"_links":{"self":[{"href":"https:\/\/littlevillagechamber.org\/es\/wp-json\/wp\/v2\/posts\/31833","targetHints":{"allow":["GET"]}}],"collection":[{"href":"https:\/\/littlevillagechamber.org\/es\/wp-json\/wp\/v2\/posts"}],"about":[{"href":"https:\/\/littlevillagechamber.org\/es\/wp-json\/wp\/v2\/types\/post"}],"author":[{"embeddable":true,"href":"https:\/\/littlevillagechamber.org\/es\/wp-json\/wp\/v2\/users\/213"}],"replies":[{"embeddable":true,"href":"https:\/\/littlevillagechamber.org\/es\/wp-json\/wp\/v2\/comments?post=31833"}],"version-history":[{"count":1,"href":"https:\/\/littlevillagechamber.org\/es\/wp-json\/wp\/v2\/posts\/31833\/revisions"}],"predecessor-version":[{"id":31835,"href":"https:\/\/littlevillagechamber.org\/es\/wp-json\/wp\/v2\/posts\/31833\/revisions\/31835"}],"wp:featuredmedia":[{"embeddable":true,"href":"https:\/\/littlevillagechamber.org\/es\/wp-json\/wp\/v2\/media\/31834"}],"wp:attachment":[{"href":"https:\/\/littlevillagechamber.org\/es\/wp-json\/wp\/v2\/media?parent=31833"}],"wp:term":[{"taxonomy":"category","embeddable":true,"href":"https:\/\/littlevillagechamber.org\/es\/wp-json\/wp\/v2\/categories?post=31833"},{"taxonomy":"post_tag","embeddable":true,"href":"https:\/\/littlevillagechamber.org\/es\/wp-json\/wp\/v2\/tags?post=31833"}],"curies":[{"name":"wp","href":"https:\/\/api.w.org\/{rel}","templated":true}]}}