{"id":31754,"date":"2026-02-25T12:53:11","date_gmt":"2026-02-25T18:53:11","guid":{"rendered":"https:\/\/littlevillagechamber.org\/?p=31754"},"modified":"2026-02-25T12:53:11","modified_gmt":"2026-02-25T18:53:11","slug":"las-consecuencias-del-operativo-midway-blitz-aun-se-sienten-en-los-vecindarios-latinos-de-chicago","status":"publish","type":"post","link":"https:\/\/littlevillagechamber.org\/es\/las-consecuencias-del-operativo-midway-blitz-aun-se-sienten-en-los-vecindarios-latinos-de-chicago\/","title":{"rendered":"Las consecuencias del Operativo Midway Blitz a\u00fan se sienten en los vecindarios latinos de Chicago"},"content":{"rendered":"<h2 class=\"Page-subHeadline\">Mientras la aplicaci\u00f3n de la ley federal de inmigraci\u00f3n disminuy\u00f3 cuando muchos agentes dejaron Chicago en noviembre, las secuelas est\u00e1n afectando la vida diaria en La Villita, Pilsen y el lado sureste.<\/h2>\n<div class=\"ArticlePage-actions-wrapper\">\n<div class=\"Page-byline\" data-mrf-recirculation=\"Article Byline\">\n<div class=\"Page-authors\">Por\u00a0\u00a0<span class=\"AuthorByline-InPage\"><a href=\"https:\/\/chicago.suntimes.com\/araceli-gomez-aldana-wbez\" data-cms-ai=\"0\" data-mrf-link=\"https:\/\/chicago.suntimes.com\/araceli-gomez-aldana-wbez\">Araceli G\u00f3mez-Aldana | WBEZ<\/a><\/span>\u00a0y\u00a0<span class=\"AuthorByline-InPage\"><a href=\"https:\/\/chicago.suntimes.com\/authors\/michael-puente-wbez\" data-cms-ai=\"0\" data-mrf-link=\"https:\/\/chicago.suntimes.com\/authors\/michael-puente-wbez\">Michael Puente | WBEZ<\/a><\/span><\/div>\n<div class=\"Page-datePublished\">\u00a0\u00a0<span data-date=\"\">Feb 24, 2026, 6:00am CST<\/span><\/div>\n<div><\/div>\n<\/div>\n<div>\n<p>El suelo se movi\u00f3 bajo Chicago el oto\u00f1o pasado. Lo que es normal hoy en las comunidades mayoritariamente latinas de la ciudad no es lo que era antes del Operativo Midway Blitz.<\/p>\n<div class=\"piano-content-lock\"><\/div>\n<p>El lado sureste, definido durante mucho tiempo por f\u00e1bricas de acero y comunidades de clase trabajadora, fue uno de los primeros lugares a los que llegaron los mexicanos cuando llegaron a Chicago hace m\u00e1s de un siglo. En el lado oeste, conocido como el Lower West Side, Pilsen destaca por sus coloridos murales, su rica escena art\u00edstica y culinaria, y su vibrante cultura chicana. Un poco m\u00e1s al suroeste, La Villita, cuenta con un vibrante corredor comercial y celebraciones comunitarias, como el desfile del D\u00eda de la Independencia Mexicana, que est\u00e1n entre los m\u00e1s antiguos y grandes del Medio Oeste.<\/p>\n<p>Estos vecindarios trazaron caminos separados para convertirse en centros culturales mayoritariamente latinos para las comunidades mexicanas en Chicago. Pero compartieron una experiencia com\u00fan el oto\u00f1o pasado: el Operativo Midway Blitz de la administraci\u00f3n de Trump.\u00a0<a class=\"Link\" href=\"https:\/\/chicago.suntimes.com\/live\/2025\/09\/16\/cbp-raids-ice-chicago-elgin-operation-at-large\" target=\"_blank\" rel=\"noopener\" data-cms-ai=\"0\"><u>La campa\u00f1a de aplicaci\u00f3n de la ley de inmigraci\u00f3n comenz\u00f3 el 16 de septiembre,<\/u><\/a> D\u00eda de la Independencia Mexicana.<\/p>\n<p>Los funcionarios federales dijeron que el operativo se enfoc\u00f3 en criminales violentos sin estatus legal, aunque\u00a0<a class=\"Link\" href=\"https:\/\/chicago.suntimes.com\/the-watchdogs\/2025\/03\/28\/tren-de-aragua-venezuela-gang-trump-tom-homan-terrorism-violence-crime-chicago-colombia-honduras-ecuador-nicolas-maduro-salvador\" target=\"_blank\" rel=\"noopener\" data-cms-ai=\"0\"><u>esto result\u00f3 ser en gran medida falso<\/u><\/a>. A medida que aument\u00f3 la aplicaci\u00f3n de la ley de inmigraci\u00f3n, el miedo se extendi\u00f3 por Chicago y sus suburbios. Los vecindarios de mayor\u00eda latina e inmigrante, incluyendo Pilsen, La Villita y el lado sureste, entraron en alerta m\u00e1xima.<\/p>\n<p>Estas comunidades desarrollaron su identidad latina a lo largo de generaciones, formadas por la migraci\u00f3n, el trabajo y el desplazamiento. Los operativos de inmigraci\u00f3n dirigidos por Trump crearon un momento compartido en sus historias, un momento lleno de miedo, incertidumbre y orgullo comunitario.<\/p>\n<\/div>\n<\/div>","protected":false},"excerpt":{"rendered":"<p>Mientras la aplicaci\u00f3n de la ley federal de inmigraci\u00f3n disminuy\u00f3 cuando muchos agentes dejaron Chicago en noviembre, las secuelas est\u00e1n afectando la vida diaria en La Villita, Pilsen y el lado sureste. By\u00a0\u00a0Araceli G\u00f3mez-Aldana | WBEZ\u00a0and\u00a0Michael Puente | WBEZ \u00a0\u00a0Feb 24, 2026, 6:00am CST El suelo se movi\u00f3 bajo Chicago el oto\u00f1o pasado. Lo que [&hellip;]<\/p>\n","protected":false},"author":213,"featured_media":31755,"comment_status":"closed","ping_status":"open","sticky":false,"template":"","format":"standard","meta":{"site-sidebar-layout":"default","site-content-layout":"","ast-site-content-layout":"default","site-content-style":"default","site-sidebar-style":"default","ast-global-header-display":"","ast-banner-title-visibility":"","ast-main-header-display":"","ast-hfb-above-header-display":"","ast-hfb-below-header-display":"","ast-hfb-mobile-header-display":"","site-post-title":"","ast-breadcrumbs-content":"","ast-featured-img":"","footer-sml-layout":"","ast-disable-related-posts":"","theme-transparent-header-meta":"default","adv-header-id-meta":"","stick-header-meta":"default","header-above-stick-meta":"","header-main-stick-meta":"","header-below-stick-meta":"","astra-migrate-meta-layouts":"set","ast-page-background-enabled":"default","ast-page-background-meta":{"desktop":{"background-color":"","background-image":"","background-repeat":"repeat","background-position":"center center","background-size":"auto","background-attachment":"scroll","background-type":"","background-media":"","overlay-type":"","overlay-color":"","overlay-opacity":"","overlay-gradient":""},"tablet":{"background-color":"","background-image":"","background-repeat":"repeat","background-position":"center center","background-size":"auto","background-attachment":"scroll","background-type":"","background-media":"","overlay-type":"","overlay-color":"","overlay-opacity":"","overlay-gradient":""},"mobile":{"background-color":"","background-image":"","background-repeat":"repeat","background-position":"center center","background-size":"auto","background-attachment":"scroll","background-type":"","background-media":"","overlay-type":"","overlay-color":"","overlay-opacity":"","overlay-gradient":""}},"ast-content-background-meta":{"desktop":{"background-color":"var(--ast-global-color-5)","background-image":"","background-repeat":"repeat","background-position":"center center","background-size":"auto","background-attachment":"scroll","background-type":"","background-media":"","overlay-type":"","overlay-color":"","overlay-opacity":"","overlay-gradient":""},"tablet":{"background-color":"var(--ast-global-color-5)","background-image":"","background-repeat":"repeat","background-position":"center center","background-size":"auto","background-attachment":"scroll","background-type":"","background-media":"","overlay-type":"","overlay-color":"","overlay-opacity":"","overlay-gradient":""},"mobile":{"background-color":"var(--ast-global-color-5)","background-image":"","background-repeat":"repeat","background-position":"center center","background-size":"auto","background-attachment":"scroll","background-type":"","background-media":"","overlay-type":"","overlay-color":"","overlay-opacity":"","overlay-gradient":""}},"footnotes":""},"categories":[15],"tags":[],"class_list":["post-31754","post","type-post","status-publish","format-standard","has-post-thumbnail","hentry","category-news-articles"],"yoast_head":"<!-- This site is optimized with the Yoast SEO plugin v27.5 - https:\/\/yoast.com\/product\/yoast-seo-wordpress\/ -->\n<title>Las consecuencias del Operativo Midway Blitz a\u00fan se sienten en los vecindarios latinos de Chicago - Little Village Chamber of Commerce<\/title>\n<meta name=\"robots\" content=\"index, follow, max-snippet:-1, max-image-preview:large, max-video-preview:-1\" \/>\n<link rel=\"canonical\" href=\"https:\/\/littlevillagechamber.org\/es\/las-consecuencias-del-operativo-midway-blitz-aun-se-sienten-en-los-vecindarios-latinos-de-chicago\/\" \/>\n<meta property=\"og:locale\" content=\"es_MX\" \/>\n<meta property=\"og:type\" content=\"article\" \/>\n<meta property=\"og:title\" content=\"Las consecuencias del Operativo Midway Blitz a\u00fan se sienten en los vecindarios latinos de Chicago - Little Village Chamber of Commerce\" \/>\n<meta property=\"og:description\" content=\"Mientras la aplicaci\u00f3n de la ley federal de inmigraci\u00f3n disminuy\u00f3 cuando muchos agentes dejaron Chicago en noviembre, las secuelas est\u00e1n afectando la vida diaria en La Villita, Pilsen y el lado sureste. By\u00a0\u00a0Araceli G\u00f3mez-Aldana | WBEZ\u00a0and\u00a0Michael Puente | WBEZ \u00a0\u00a0Feb 24, 2026, 6:00am CST El suelo se movi\u00f3 bajo Chicago el oto\u00f1o pasado. Lo que [&hellip;]\" \/>\n<meta property=\"og:url\" content=\"https:\/\/littlevillagechamber.org\/es\/las-consecuencias-del-operativo-midway-blitz-aun-se-sienten-en-los-vecindarios-latinos-de-chicago\/\" \/>\n<meta property=\"og:site_name\" content=\"Little Village Chamber of Commerce\" \/>\n<meta property=\"article:published_time\" content=\"2026-02-25T18:53:11+00:00\" \/>\n<meta property=\"og:image\" content=\"https:\/\/littlevillagechamber.org\/wp-content\/uploads\/LVCC_26thSt.webp\" \/>\n\t<meta property=\"og:image:width\" content=\"1200\" \/>\n\t<meta property=\"og:image:height\" content=\"675\" \/>\n\t<meta property=\"og:image:type\" content=\"image\/webp\" \/>\n<meta name=\"author\" content=\"Juan Carlos\" \/>\n<meta name=\"twitter:card\" content=\"summary_large_image\" \/>\n<meta name=\"twitter:label1\" content=\"Escrito por\" \/>\n\t<meta name=\"twitter:data1\" content=\"Juan Carlos\" \/>\n\t<meta name=\"twitter:label2\" content=\"Tiempo de lectura\" \/>\n\t<meta name=\"twitter:data2\" content=\"2 minutos\" \/>\n<script type=\"application\/ld+json\" class=\"yoast-schema-graph\">{\"@context\":\"https:\\\/\\\/schema.org\",\"@graph\":[{\"@type\":\"Article\",\"@id\":\"https:\\\/\\\/littlevillagechamber.org\\\/las-consecuencias-del-operativo-midway-blitz-aun-se-sienten-en-los-vecindarios-latinos-de-chicago\\\/#article\",\"isPartOf\":{\"@id\":\"https:\\\/\\\/littlevillagechamber.org\\\/las-consecuencias-del-operativo-midway-blitz-aun-se-sienten-en-los-vecindarios-latinos-de-chicago\\\/\"},\"author\":{\"name\":\"Juan Carlos\",\"@id\":\"https:\\\/\\\/littlevillagechamber.org\\\/#\\\/schema\\\/person\\\/3407b6127674b885823e3884d2881334\"},\"headline\":\"Las consecuencias del Operativo Midway Blitz a\u00fan se sienten en los vecindarios latinos de Chicago\",\"datePublished\":\"2026-02-25T18:53:11+00:00\",\"mainEntityOfPage\":{\"@id\":\"https:\\\/\\\/littlevillagechamber.org\\\/las-consecuencias-del-operativo-midway-blitz-aun-se-sienten-en-los-vecindarios-latinos-de-chicago\\\/\"},\"wordCount\":374,\"publisher\":{\"@id\":\"https:\\\/\\\/littlevillagechamber.org\\\/#organization\"},\"image\":{\"@id\":\"https:\\\/\\\/littlevillagechamber.org\\\/las-consecuencias-del-operativo-midway-blitz-aun-se-sienten-en-los-vecindarios-latinos-de-chicago\\\/#primaryimage\"},\"thumbnailUrl\":\"https:\\\/\\\/littlevillagechamber.org\\\/wp-content\\\/uploads\\\/LVCC_26thSt.webp\",\"articleSection\":[\"News Articles\"],\"inLanguage\":\"es\"},{\"@type\":\"WebPage\",\"@id\":\"https:\\\/\\\/littlevillagechamber.org\\\/las-consecuencias-del-operativo-midway-blitz-aun-se-sienten-en-los-vecindarios-latinos-de-chicago\\\/\",\"url\":\"https:\\\/\\\/littlevillagechamber.org\\\/las-consecuencias-del-operativo-midway-blitz-aun-se-sienten-en-los-vecindarios-latinos-de-chicago\\\/\",\"name\":\"Las consecuencias del Operativo Midway Blitz a\u00fan se sienten en los vecindarios latinos de Chicago - Little Village Chamber of Commerce\",\"isPartOf\":{\"@id\":\"https:\\\/\\\/littlevillagechamber.org\\\/#website\"},\"primaryImageOfPage\":{\"@id\":\"https:\\\/\\\/littlevillagechamber.org\\\/las-consecuencias-del-operativo-midway-blitz-aun-se-sienten-en-los-vecindarios-latinos-de-chicago\\\/#primaryimage\"},\"image\":{\"@id\":\"https:\\\/\\\/littlevillagechamber.org\\\/las-consecuencias-del-operativo-midway-blitz-aun-se-sienten-en-los-vecindarios-latinos-de-chicago\\\/#primaryimage\"},\"thumbnailUrl\":\"https:\\\/\\\/littlevillagechamber.org\\\/wp-content\\\/uploads\\\/LVCC_26thSt.webp\",\"datePublished\":\"2026-02-25T18:53:11+00:00\",\"breadcrumb\":{\"@id\":\"https:\\\/\\\/littlevillagechamber.org\\\/las-consecuencias-del-operativo-midway-blitz-aun-se-sienten-en-los-vecindarios-latinos-de-chicago\\\/#breadcrumb\"},\"inLanguage\":\"es\",\"potentialAction\":[{\"@type\":\"ReadAction\",\"target\":[\"https:\\\/\\\/littlevillagechamber.org\\\/las-consecuencias-del-operativo-midway-blitz-aun-se-sienten-en-los-vecindarios-latinos-de-chicago\\\/\"]}]},{\"@type\":\"ImageObject\",\"inLanguage\":\"es\",\"@id\":\"https:\\\/\\\/littlevillagechamber.org\\\/las-consecuencias-del-operativo-midway-blitz-aun-se-sienten-en-los-vecindarios-latinos-de-chicago\\\/#primaryimage\",\"url\":\"https:\\\/\\\/littlevillagechamber.org\\\/wp-content\\\/uploads\\\/LVCC_26thSt.webp\",\"contentUrl\":\"https:\\\/\\\/littlevillagechamber.org\\\/wp-content\\\/uploads\\\/LVCC_26thSt.webp\",\"width\":1200,\"height\":675},{\"@type\":\"BreadcrumbList\",\"@id\":\"https:\\\/\\\/littlevillagechamber.org\\\/las-consecuencias-del-operativo-midway-blitz-aun-se-sienten-en-los-vecindarios-latinos-de-chicago\\\/#breadcrumb\",\"itemListElement\":[{\"@type\":\"ListItem\",\"position\":1,\"name\":\"Home\",\"item\":\"https:\\\/\\\/littlevillagechamber.org\\\/\"},{\"@type\":\"ListItem\",\"position\":2,\"name\":\"Las consecuencias del Operativo Midway Blitz a\u00fan se sienten en los vecindarios latinos de Chicago\"}]},{\"@type\":\"WebSite\",\"@id\":\"https:\\\/\\\/littlevillagechamber.org\\\/#website\",\"url\":\"https:\\\/\\\/littlevillagechamber.org\\\/\",\"name\":\"Little Village Chamber of Commerce\",\"description\":\"Tu Mexico, Tu Chicago!\",\"publisher\":{\"@id\":\"https:\\\/\\\/littlevillagechamber.org\\\/#organization\"},\"potentialAction\":[{\"@type\":\"SearchAction\",\"target\":{\"@type\":\"EntryPoint\",\"urlTemplate\":\"https:\\\/\\\/littlevillagechamber.org\\\/?s={search_term_string}\"},\"query-input\":{\"@type\":\"PropertyValueSpecification\",\"valueRequired\":true,\"valueName\":\"search_term_string\"}}],\"inLanguage\":\"es\"},{\"@type\":\"Organization\",\"@id\":\"https:\\\/\\\/littlevillagechamber.org\\\/#organization\",\"name\":\"Little Village Chamber of Commerce\",\"url\":\"https:\\\/\\\/littlevillagechamber.org\\\/\",\"logo\":{\"@type\":\"ImageObject\",\"inLanguage\":\"es\",\"@id\":\"https:\\\/\\\/littlevillagechamber.org\\\/#\\\/schema\\\/logo\\\/image\\\/\",\"url\":\"https:\\\/\\\/littlevillagechamber.org\\\/wp-content\\\/uploads\\\/LVCC.png\",\"contentUrl\":\"https:\\\/\\\/littlevillagechamber.org\\\/wp-content\\\/uploads\\\/LVCC.png\",\"width\":300,\"height\":257,\"caption\":\"Little Village Chamber of Commerce\"},\"image\":{\"@id\":\"https:\\\/\\\/littlevillagechamber.org\\\/#\\\/schema\\\/logo\\\/image\\\/\"}},{\"@type\":\"Person\",\"@id\":\"https:\\\/\\\/littlevillagechamber.org\\\/#\\\/schema\\\/person\\\/3407b6127674b885823e3884d2881334\",\"name\":\"Juan Carlos\",\"image\":{\"@type\":\"ImageObject\",\"inLanguage\":\"es\",\"@id\":\"https:\\\/\\\/secure.gravatar.com\\\/avatar\\\/dbb8bb62a16f84597a78e9714051cf73aa61edd7d20627881ab9e20dcccffd2e?s=96&d=mm&r=g\",\"url\":\"https:\\\/\\\/secure.gravatar.com\\\/avatar\\\/dbb8bb62a16f84597a78e9714051cf73aa61edd7d20627881ab9e20dcccffd2e?s=96&d=mm&r=g\",\"contentUrl\":\"https:\\\/\\\/secure.gravatar.com\\\/avatar\\\/dbb8bb62a16f84597a78e9714051cf73aa61edd7d20627881ab9e20dcccffd2e?s=96&d=mm&r=g\",\"caption\":\"Juan Carlos\"},\"url\":\"https:\\\/\\\/littlevillagechamber.org\\\/es\\\/author\\\/juancarlos\\\/\"}]}<\/script>\n<!-- \/ Yoast SEO plugin. -->","yoast_head_json":{"title":"Las consecuencias del Operativo Midway Blitz a\u00fan se sienten en los vecindarios latinos de Chicago - Little Village Chamber of Commerce","robots":{"index":"index","follow":"follow","max-snippet":"max-snippet:-1","max-image-preview":"max-image-preview:large","max-video-preview":"max-video-preview:-1"},"canonical":"https:\/\/littlevillagechamber.org\/es\/las-consecuencias-del-operativo-midway-blitz-aun-se-sienten-en-los-vecindarios-latinos-de-chicago\/","og_locale":"es_MX","og_type":"article","og_title":"Las consecuencias del Operativo Midway Blitz a\u00fan se sienten en los vecindarios latinos de Chicago - Little Village Chamber of Commerce","og_description":"Mientras la aplicaci\u00f3n de la ley federal de inmigraci\u00f3n disminuy\u00f3 cuando muchos agentes dejaron Chicago en noviembre, las secuelas est\u00e1n afectando la vida diaria en La Villita, Pilsen y el lado sureste. By\u00a0\u00a0Araceli G\u00f3mez-Aldana | WBEZ\u00a0and\u00a0Michael Puente | WBEZ \u00a0\u00a0Feb 24, 2026, 6:00am CST El suelo se movi\u00f3 bajo Chicago el oto\u00f1o pasado. Lo que [&hellip;]","og_url":"https:\/\/littlevillagechamber.org\/es\/las-consecuencias-del-operativo-midway-blitz-aun-se-sienten-en-los-vecindarios-latinos-de-chicago\/","og_site_name":"Little Village Chamber of Commerce","article_published_time":"2026-02-25T18:53:11+00:00","og_image":[{"width":1200,"height":675,"url":"https:\/\/littlevillagechamber.org\/wp-content\/uploads\/LVCC_26thSt.webp","type":"image\/webp"}],"author":"Juan Carlos","twitter_card":"summary_large_image","twitter_misc":{"Escrito por":"Juan Carlos","Tiempo de lectura":"2 minutos"},"schema":{"@context":"https:\/\/schema.org","@graph":[{"@type":"Article","@id":"https:\/\/littlevillagechamber.org\/las-consecuencias-del-operativo-midway-blitz-aun-se-sienten-en-los-vecindarios-latinos-de-chicago\/#article","isPartOf":{"@id":"https:\/\/littlevillagechamber.org\/las-consecuencias-del-operativo-midway-blitz-aun-se-sienten-en-los-vecindarios-latinos-de-chicago\/"},"author":{"name":"Juan Carlos","@id":"https:\/\/littlevillagechamber.org\/#\/schema\/person\/3407b6127674b885823e3884d2881334"},"headline":"Las consecuencias del Operativo Midway Blitz a\u00fan se sienten en los vecindarios latinos de Chicago","datePublished":"2026-02-25T18:53:11+00:00","mainEntityOfPage":{"@id":"https:\/\/littlevillagechamber.org\/las-consecuencias-del-operativo-midway-blitz-aun-se-sienten-en-los-vecindarios-latinos-de-chicago\/"},"wordCount":374,"publisher":{"@id":"https:\/\/littlevillagechamber.org\/#organization"},"image":{"@id":"https:\/\/littlevillagechamber.org\/las-consecuencias-del-operativo-midway-blitz-aun-se-sienten-en-los-vecindarios-latinos-de-chicago\/#primaryimage"},"thumbnailUrl":"https:\/\/littlevillagechamber.org\/wp-content\/uploads\/LVCC_26thSt.webp","articleSection":["News Articles"],"inLanguage":"es"},{"@type":"WebPage","@id":"https:\/\/littlevillagechamber.org\/las-consecuencias-del-operativo-midway-blitz-aun-se-sienten-en-los-vecindarios-latinos-de-chicago\/","url":"https:\/\/littlevillagechamber.org\/las-consecuencias-del-operativo-midway-blitz-aun-se-sienten-en-los-vecindarios-latinos-de-chicago\/","name":"Las consecuencias del Operativo Midway Blitz a\u00fan se sienten en los vecindarios latinos de Chicago - Little Village Chamber of Commerce","isPartOf":{"@id":"https:\/\/littlevillagechamber.org\/#website"},"primaryImageOfPage":{"@id":"https:\/\/littlevillagechamber.org\/las-consecuencias-del-operativo-midway-blitz-aun-se-sienten-en-los-vecindarios-latinos-de-chicago\/#primaryimage"},"image":{"@id":"https:\/\/littlevillagechamber.org\/las-consecuencias-del-operativo-midway-blitz-aun-se-sienten-en-los-vecindarios-latinos-de-chicago\/#primaryimage"},"thumbnailUrl":"https:\/\/littlevillagechamber.org\/wp-content\/uploads\/LVCC_26thSt.webp","datePublished":"2026-02-25T18:53:11+00:00","breadcrumb":{"@id":"https:\/\/littlevillagechamber.org\/las-consecuencias-del-operativo-midway-blitz-aun-se-sienten-en-los-vecindarios-latinos-de-chicago\/#breadcrumb"},"inLanguage":"es","potentialAction":[{"@type":"ReadAction","target":["https:\/\/littlevillagechamber.org\/las-consecuencias-del-operativo-midway-blitz-aun-se-sienten-en-los-vecindarios-latinos-de-chicago\/"]}]},{"@type":"ImageObject","inLanguage":"es","@id":"https:\/\/littlevillagechamber.org\/las-consecuencias-del-operativo-midway-blitz-aun-se-sienten-en-los-vecindarios-latinos-de-chicago\/#primaryimage","url":"https:\/\/littlevillagechamber.org\/wp-content\/uploads\/LVCC_26thSt.webp","contentUrl":"https:\/\/littlevillagechamber.org\/wp-content\/uploads\/LVCC_26thSt.webp","width":1200,"height":675},{"@type":"BreadcrumbList","@id":"https:\/\/littlevillagechamber.org\/las-consecuencias-del-operativo-midway-blitz-aun-se-sienten-en-los-vecindarios-latinos-de-chicago\/#breadcrumb","itemListElement":[{"@type":"ListItem","position":1,"name":"Home","item":"https:\/\/littlevillagechamber.org\/"},{"@type":"ListItem","position":2,"name":"Las consecuencias del Operativo Midway Blitz a\u00fan se sienten en los vecindarios latinos de Chicago"}]},{"@type":"WebSite","@id":"https:\/\/littlevillagechamber.org\/#website","url":"https:\/\/littlevillagechamber.org\/","name":"La C\u00e1mara de Comercio de La Villita","description":"Tu M\u00e9xico, Tu Chicago!","publisher":{"@id":"https:\/\/littlevillagechamber.org\/#organization"},"potentialAction":[{"@type":"SearchAction","target":{"@type":"EntryPoint","urlTemplate":"https:\/\/littlevillagechamber.org\/?s={search_term_string}"},"query-input":{"@type":"PropertyValueSpecification","valueRequired":true,"valueName":"search_term_string"}}],"inLanguage":"es"},{"@type":"Organization","@id":"https:\/\/littlevillagechamber.org\/#organization","name":"La C\u00e1mara de Comercio de La Villita","url":"https:\/\/littlevillagechamber.org\/","logo":{"@type":"ImageObject","inLanguage":"es","@id":"https:\/\/littlevillagechamber.org\/#\/schema\/logo\/image\/","url":"https:\/\/littlevillagechamber.org\/wp-content\/uploads\/LVCC.png","contentUrl":"https:\/\/littlevillagechamber.org\/wp-content\/uploads\/LVCC.png","width":300,"height":257,"caption":"Little Village Chamber of Commerce"},"image":{"@id":"https:\/\/littlevillagechamber.org\/#\/schema\/logo\/image\/"}},{"@type":"Person","@id":"https:\/\/littlevillagechamber.org\/#\/schema\/person\/3407b6127674b885823e3884d2881334","name":"Juan Carlos","image":{"@type":"ImageObject","inLanguage":"es","@id":"https:\/\/secure.gravatar.com\/avatar\/dbb8bb62a16f84597a78e9714051cf73aa61edd7d20627881ab9e20dcccffd2e?s=96&d=mm&r=g","url":"https:\/\/secure.gravatar.com\/avatar\/dbb8bb62a16f84597a78e9714051cf73aa61edd7d20627881ab9e20dcccffd2e?s=96&d=mm&r=g","contentUrl":"https:\/\/secure.gravatar.com\/avatar\/dbb8bb62a16f84597a78e9714051cf73aa61edd7d20627881ab9e20dcccffd2e?s=96&d=mm&r=g","caption":"Juan Carlos"},"url":"https:\/\/littlevillagechamber.org\/es\/author\/juancarlos\/"}]}},"_links":{"self":[{"href":"https:\/\/littlevillagechamber.org\/es\/wp-json\/wp\/v2\/posts\/31754","targetHints":{"allow":["GET"]}}],"collection":[{"href":"https:\/\/littlevillagechamber.org\/es\/wp-json\/wp\/v2\/posts"}],"about":[{"href":"https:\/\/littlevillagechamber.org\/es\/wp-json\/wp\/v2\/types\/post"}],"author":[{"embeddable":true,"href":"https:\/\/littlevillagechamber.org\/es\/wp-json\/wp\/v2\/users\/213"}],"replies":[{"embeddable":true,"href":"https:\/\/littlevillagechamber.org\/es\/wp-json\/wp\/v2\/comments?post=31754"}],"version-history":[{"count":1,"href":"https:\/\/littlevillagechamber.org\/es\/wp-json\/wp\/v2\/posts\/31754\/revisions"}],"predecessor-version":[{"id":31756,"href":"https:\/\/littlevillagechamber.org\/es\/wp-json\/wp\/v2\/posts\/31754\/revisions\/31756"}],"wp:featuredmedia":[{"embeddable":true,"href":"https:\/\/littlevillagechamber.org\/es\/wp-json\/wp\/v2\/media\/31755"}],"wp:attachment":[{"href":"https:\/\/littlevillagechamber.org\/es\/wp-json\/wp\/v2\/media?parent=31754"}],"wp:term":[{"taxonomy":"category","embeddable":true,"href":"https:\/\/littlevillagechamber.org\/es\/wp-json\/wp\/v2\/categories?post=31754"},{"taxonomy":"post_tag","embeddable":true,"href":"https:\/\/littlevillagechamber.org\/es\/wp-json\/wp\/v2\/tags?post=31754"}],"curies":[{"name":"wp","href":"https:\/\/api.w.org\/{rel}","templated":true}]}}