{"id":31342,"date":"2025-11-04T16:03:32","date_gmt":"2025-11-04T22:03:32","guid":{"rendered":"https:\/\/littlevillagechamber.org\/?p=31342"},"modified":"2025-11-04T16:03:32","modified_gmt":"2025-11-04T22:03:32","slug":"redadas-en-la-villita-golpean-e-indignan-a-la-comunidad","status":"publish","type":"post","link":"https:\/\/littlevillagechamber.org\/es\/redadas-en-la-villita-golpean-e-indignan-a-la-comunidad\/","title":{"rendered":"Redadas en La Villita golpean e indignan a la comunidad"},"content":{"rendered":"<p><a href=\"https:\/\/laraza.com\/2025\/10\/23\/redadas-en-la-villita-golpean-e-indignan-a-la-comunidad\/\"><strong>Agresivos agentes federales han realizado por dos d\u00edas seguidos detenciones de inmigrantes y tambi\u00e9n de ciudadanos, en medio de protestas de la gente<\/strong><\/a><\/p>\n<p class=\"story__author-name\">Por\u00a0\u00a0<a title=\"M\u00e1s noticias de Antonio Zavala\" href=\"https:\/\/laraza.com\/author\/antonio-zavala\/\">Antonio Zavala<\/a><\/p>\n<p>Baltazar Enr\u00edquez, presidente del Concilio Comunitario de La Villita, tiene unas palabras sobre el Gregory Bovino, comandante de la Patrulla Fronteriza que lidera la Operaci\u00f3n Midway Blitz en Chicago y sobre sus incursiones del 22 y 23 de octubre en La Villita buscando a gente sin papeles.<\/p>\n<p>\u201cEsto es lo m\u00e1s peor que \u00e9l ha hecho\u201d, dijo Enr\u00edquez, \u201cNosotros no estamos armados, no tenemos pistolas, no m\u00e1s traemos un silbato y nos hacen arrestar, nos secuestran\u201d.<\/p>\n<p>Rabia e indignaci\u00f3n es lo que este l\u00edder dice que siente la gente, que ha pasado los \u00faltimos dos d\u00edas en La Villita, barrio mayoritariamente mexicano en el suroeste de Chicago, bajo el asecho de los agentes federales.<\/p>\n<p>El jueves 23 de octubre, en el Discount Mall, en la Calle 27, fueron detenidos dos j\u00f3venes estudiantes de la Academia Comunitaria Benito Ju\u00e1rez por los agentes que realizan redadas de inmigraci\u00f3n. Ambos fueron liberados despu\u00e9s de un tiempo bajo custodia. Al menos uno de los estudiantes es ciudadano estadounidense. En redes sociales circularon im\u00e1genes en las que se ve a un joven detenido por agentes federales, quien ser\u00eda al parecer uno de los estudiantes detenidos.<\/p>\n<p>El mi\u00e9rcoles 22 de octubre, otras siete personas, dos de ellas con ciudadan\u00eda estadunidense, fueron detenidas tambi\u00e9n en La Villita.<\/p>\n<p>Enr\u00edquez, de 46 a\u00f1os, dijo a La Raza que le da cr\u00e9dito y un aplauso a los voluntarios de La Villita que salieron a defender el barrio.<\/p>\n<p>Uno de los dos detenidos, seg\u00fan Enr\u00edquez, fue acusado por los agentes de golpear su veh\u00edculo.<\/p>\n<p>Los participantes en la Operaci\u00f3n Midway Blitz tambi\u00e9n detuvieron a una persona que estaba vendiendo fruta y vegetales en las cercan\u00edas de la Calle 26 y la Calle Tripp.\u00a0Esta persona fue identificada por sus familiares como Andr\u00e9s Hern\u00e1ndez Dom\u00ednguez.<\/p>\n<p>El l\u00edder comunitario Enr\u00edquez dijo que a \u00faltima hora estaban tratando de ayudar a la familia a contactar a su familiar.\u00a0Durante las detenciones del jueves y las protestas de los vecinos de La Villita ante ellas, los agentes lanzaron gases lacrim\u00f3genos contra la gente, lo que constituir\u00eda una violaci\u00f3n de la orden de un juez federal que restringi\u00f3 el uso de esos elementos contra manifestaciones que no representan peligro. En im\u00e1genes difundidas en redes sociales se ve al jefe de la Patrulla Fronteriza que opera en Chicago, Gregory Bovino, al parecer lanzando \u00e9l mismo una granada lacrim\u00f3gena contra los manifestantes.<\/p>\n<p>Otro residente, Ricardo Maga\u00f1a, quien estaba cerca del Discount Mall, dijo que decenas carros de residentes de esta comunidad siguieron a los carros de los agentes.\u00a0Al mismo tiempo los voluntarios iban haciendo sonar el claxon de sus autos para alertar a la comunidad de la presencia de ICE, seg\u00fan dijo Maga\u00f1a.\u00a0Enr\u00edquez dijo que la parte m\u00e1s vital e importante del uso de los silbatos \u201ces alertar a los residentes a resguardarse y a estar alerta\u201d.<\/p>\n<p>\u201cEl uso del silbato se ha esparcido como fuego\u201d, dijo Enr\u00edquez. \u201cYa lo usan en Sur Chicago, Rockford y en Elgin y m\u00e1s lugares,\u201d<\/p>\n<p>La idea de usar los silbatos, seg\u00fan este l\u00edder, sali\u00f3 de un voluntario en un taller comunitario para que los residentes conozcan sus derechos de \u201cno decir nada, no firmar nada y pedir hablar con un abogado\u201d.<\/p>\n<p>El Concilio Comunitario de La Villita tambi\u00e9n usa un cami\u00f3n que ellos denominan el \u2018Magic Bus\u2019 (el cami\u00f3n m\u00e1gico) para transportar a estudiantes de su casa a la escuela y de la escuela a su casa.<\/p>\n<p>Actualmente, seg\u00fan Enr\u00edquez est\u00e1n ayudando a 32 estudiantes de las escuelas locales.<\/p>\n<p>En torno al comercio de la franja econ\u00f3mica de la Calle 26, el l\u00edder Enr\u00edquez dijo a La Raza que desde el 20 de enero las ventas bajaron un 30%, luego hace unos meses al 50%, y ahora, en d\u00edas recientes, ya con las redadas en la ciudad, las ventas de la Calle 26 han ca\u00eddo un 70%.<\/p>\n<p>Algunos comerciantes, dijo Enr\u00edquez, han reducido sus horarios y algunos han reducido su personal.<\/p>","protected":false},"excerpt":{"rendered":"<p>Agresivos agentes federales han realizado por dos d\u00edas seguidos detenciones de inmigrantes y tambi\u00e9n de ciudadanos, en medio de protestas de la gente Por\u00a0\u00a0Antonio Zavala Baltazar Enr\u00edquez, presidente del Concilio Comunitario de La Villita, tiene unas palabras sobre el Gregory Bovino, comandante de la Patrulla Fronteriza que lidera la Operaci\u00f3n Midway Blitz en Chicago y [&hellip;]<\/p>\n","protected":false},"author":213,"featured_media":31343,"comment_status":"closed","ping_status":"open","sticky":false,"template":"","format":"standard","meta":{"site-sidebar-layout":"default","site-content-layout":"","ast-site-content-layout":"default","site-content-style":"default","site-sidebar-style":"default","ast-global-header-display":"","ast-banner-title-visibility":"","ast-main-header-display":"","ast-hfb-above-header-display":"","ast-hfb-below-header-display":"","ast-hfb-mobile-header-display":"","site-post-title":"","ast-breadcrumbs-content":"","ast-featured-img":"","footer-sml-layout":"","ast-disable-related-posts":"","theme-transparent-header-meta":"default","adv-header-id-meta":"","stick-header-meta":"default","header-above-stick-meta":"","header-main-stick-meta":"","header-below-stick-meta":"","astra-migrate-meta-layouts":"set","ast-page-background-enabled":"default","ast-page-background-meta":{"desktop":{"background-color":"","background-image":"","background-repeat":"repeat","background-position":"center center","background-size":"auto","background-attachment":"scroll","background-type":"","background-media":"","overlay-type":"","overlay-color":"","overlay-opacity":"","overlay-gradient":""},"tablet":{"background-color":"","background-image":"","background-repeat":"repeat","background-position":"center center","background-size":"auto","background-attachment":"scroll","background-type":"","background-media":"","overlay-type":"","overlay-color":"","overlay-opacity":"","overlay-gradient":""},"mobile":{"background-color":"","background-image":"","background-repeat":"repeat","background-position":"center center","background-size":"auto","background-attachment":"scroll","background-type":"","background-media":"","overlay-type":"","overlay-color":"","overlay-opacity":"","overlay-gradient":""}},"ast-content-background-meta":{"desktop":{"background-color":"var(--ast-global-color-5)","background-image":"","background-repeat":"repeat","background-position":"center center","background-size":"auto","background-attachment":"scroll","background-type":"","background-media":"","overlay-type":"","overlay-color":"","overlay-opacity":"","overlay-gradient":""},"tablet":{"background-color":"var(--ast-global-color-5)","background-image":"","background-repeat":"repeat","background-position":"center center","background-size":"auto","background-attachment":"scroll","background-type":"","background-media":"","overlay-type":"","overlay-color":"","overlay-opacity":"","overlay-gradient":""},"mobile":{"background-color":"var(--ast-global-color-5)","background-image":"","background-repeat":"repeat","background-position":"center center","background-size":"auto","background-attachment":"scroll","background-type":"","background-media":"","overlay-type":"","overlay-color":"","overlay-opacity":"","overlay-gradient":""}},"footnotes":""},"categories":[1],"tags":[],"class_list":["post-31342","post","type-post","status-publish","format-standard","has-post-thumbnail","hentry","category-other-news"],"yoast_head":"<!-- This site is optimized with the Yoast SEO plugin v27.4 - https:\/\/yoast.com\/product\/yoast-seo-wordpress\/ -->\n<title>Redadas en La Villita golpean e indignan a la comunidad - Little Village Chamber of Commerce<\/title>\n<meta name=\"robots\" content=\"index, follow, max-snippet:-1, max-image-preview:large, max-video-preview:-1\" \/>\n<link rel=\"canonical\" href=\"https:\/\/littlevillagechamber.org\/es\/redadas-en-la-villita-golpean-e-indignan-a-la-comunidad\/\" \/>\n<meta property=\"og:locale\" content=\"es_MX\" \/>\n<meta property=\"og:type\" content=\"article\" \/>\n<meta property=\"og:title\" content=\"Redadas en La Villita golpean e indignan a la comunidad - Little Village Chamber of Commerce\" \/>\n<meta property=\"og:description\" content=\"Agresivos agentes federales han realizado por dos d\u00edas seguidos detenciones de inmigrantes y tambi\u00e9n de ciudadanos, en medio de protestas de la gente Por\u00a0\u00a0Antonio Zavala Baltazar Enr\u00edquez, presidente del Concilio Comunitario de La Villita, tiene unas palabras sobre el Gregory Bovino, comandante de la Patrulla Fronteriza que lidera la Operaci\u00f3n Midway Blitz en Chicago y [&hellip;]\" \/>\n<meta property=\"og:url\" content=\"https:\/\/littlevillagechamber.org\/es\/redadas-en-la-villita-golpean-e-indignan-a-la-comunidad\/\" \/>\n<meta property=\"og:site_name\" content=\"Little Village Chamber of Commerce\" \/>\n<meta property=\"article:published_time\" content=\"2025-11-04T22:03:32+00:00\" \/>\n<meta property=\"og:image\" content=\"https:\/\/littlevillagechamber.org\/wp-content\/uploads\/Border-Patrol-AP25276550230309.webp\" \/>\n\t<meta property=\"og:image:width\" content=\"1316\" \/>\n\t<meta property=\"og:image:height\" content=\"740\" \/>\n\t<meta property=\"og:image:type\" content=\"image\/webp\" \/>\n<meta name=\"author\" content=\"Juan Carlos\" \/>\n<meta name=\"twitter:card\" content=\"summary_large_image\" \/>\n<meta name=\"twitter:label1\" content=\"Escrito por\" \/>\n\t<meta name=\"twitter:data1\" content=\"Juan Carlos\" \/>\n\t<meta name=\"twitter:label2\" content=\"Tiempo de lectura\" \/>\n\t<meta name=\"twitter:data2\" content=\"4 minutos\" \/>\n<script type=\"application\/ld+json\" class=\"yoast-schema-graph\">{\"@context\":\"https:\\\/\\\/schema.org\",\"@graph\":[{\"@type\":\"Article\",\"@id\":\"https:\\\/\\\/littlevillagechamber.org\\\/redadas-en-la-villita-golpean-e-indignan-a-la-comunidad\\\/#article\",\"isPartOf\":{\"@id\":\"https:\\\/\\\/littlevillagechamber.org\\\/redadas-en-la-villita-golpean-e-indignan-a-la-comunidad\\\/\"},\"author\":{\"name\":\"Juan Carlos\",\"@id\":\"https:\\\/\\\/littlevillagechamber.org\\\/#\\\/schema\\\/person\\\/3407b6127674b885823e3884d2881334\"},\"headline\":\"Redadas en La Villita golpean e indignan a la comunidad\",\"datePublished\":\"2025-11-04T22:03:32+00:00\",\"mainEntityOfPage\":{\"@id\":\"https:\\\/\\\/littlevillagechamber.org\\\/redadas-en-la-villita-golpean-e-indignan-a-la-comunidad\\\/\"},\"wordCount\":734,\"publisher\":{\"@id\":\"https:\\\/\\\/littlevillagechamber.org\\\/#organization\"},\"image\":{\"@id\":\"https:\\\/\\\/littlevillagechamber.org\\\/redadas-en-la-villita-golpean-e-indignan-a-la-comunidad\\\/#primaryimage\"},\"thumbnailUrl\":\"https:\\\/\\\/littlevillagechamber.org\\\/wp-content\\\/uploads\\\/Border-Patrol-AP25276550230309.webp\",\"articleSection\":[\"In other news\"],\"inLanguage\":\"es\"},{\"@type\":\"WebPage\",\"@id\":\"https:\\\/\\\/littlevillagechamber.org\\\/redadas-en-la-villita-golpean-e-indignan-a-la-comunidad\\\/\",\"url\":\"https:\\\/\\\/littlevillagechamber.org\\\/redadas-en-la-villita-golpean-e-indignan-a-la-comunidad\\\/\",\"name\":\"Redadas en La Villita golpean e indignan a la comunidad - Little Village Chamber of Commerce\",\"isPartOf\":{\"@id\":\"https:\\\/\\\/littlevillagechamber.org\\\/#website\"},\"primaryImageOfPage\":{\"@id\":\"https:\\\/\\\/littlevillagechamber.org\\\/redadas-en-la-villita-golpean-e-indignan-a-la-comunidad\\\/#primaryimage\"},\"image\":{\"@id\":\"https:\\\/\\\/littlevillagechamber.org\\\/redadas-en-la-villita-golpean-e-indignan-a-la-comunidad\\\/#primaryimage\"},\"thumbnailUrl\":\"https:\\\/\\\/littlevillagechamber.org\\\/wp-content\\\/uploads\\\/Border-Patrol-AP25276550230309.webp\",\"datePublished\":\"2025-11-04T22:03:32+00:00\",\"breadcrumb\":{\"@id\":\"https:\\\/\\\/littlevillagechamber.org\\\/redadas-en-la-villita-golpean-e-indignan-a-la-comunidad\\\/#breadcrumb\"},\"inLanguage\":\"es\",\"potentialAction\":[{\"@type\":\"ReadAction\",\"target\":[\"https:\\\/\\\/littlevillagechamber.org\\\/redadas-en-la-villita-golpean-e-indignan-a-la-comunidad\\\/\"]}]},{\"@type\":\"ImageObject\",\"inLanguage\":\"es\",\"@id\":\"https:\\\/\\\/littlevillagechamber.org\\\/redadas-en-la-villita-golpean-e-indignan-a-la-comunidad\\\/#primaryimage\",\"url\":\"https:\\\/\\\/littlevillagechamber.org\\\/wp-content\\\/uploads\\\/Border-Patrol-AP25276550230309.webp\",\"contentUrl\":\"https:\\\/\\\/littlevillagechamber.org\\\/wp-content\\\/uploads\\\/Border-Patrol-AP25276550230309.webp\",\"width\":1316,\"height\":740},{\"@type\":\"BreadcrumbList\",\"@id\":\"https:\\\/\\\/littlevillagechamber.org\\\/redadas-en-la-villita-golpean-e-indignan-a-la-comunidad\\\/#breadcrumb\",\"itemListElement\":[{\"@type\":\"ListItem\",\"position\":1,\"name\":\"Home\",\"item\":\"https:\\\/\\\/littlevillagechamber.org\\\/\"},{\"@type\":\"ListItem\",\"position\":2,\"name\":\"Redadas en La Villita golpean e indignan a la comunidad\"}]},{\"@type\":\"WebSite\",\"@id\":\"https:\\\/\\\/littlevillagechamber.org\\\/#website\",\"url\":\"https:\\\/\\\/littlevillagechamber.org\\\/\",\"name\":\"Little Village Chamber of Commerce\",\"description\":\"Tu Mexico, Tu Chicago!\",\"publisher\":{\"@id\":\"https:\\\/\\\/littlevillagechamber.org\\\/#organization\"},\"potentialAction\":[{\"@type\":\"SearchAction\",\"target\":{\"@type\":\"EntryPoint\",\"urlTemplate\":\"https:\\\/\\\/littlevillagechamber.org\\\/?s={search_term_string}\"},\"query-input\":{\"@type\":\"PropertyValueSpecification\",\"valueRequired\":true,\"valueName\":\"search_term_string\"}}],\"inLanguage\":\"es\"},{\"@type\":\"Organization\",\"@id\":\"https:\\\/\\\/littlevillagechamber.org\\\/#organization\",\"name\":\"Little Village Chamber of Commerce\",\"url\":\"https:\\\/\\\/littlevillagechamber.org\\\/\",\"logo\":{\"@type\":\"ImageObject\",\"inLanguage\":\"es\",\"@id\":\"https:\\\/\\\/littlevillagechamber.org\\\/#\\\/schema\\\/logo\\\/image\\\/\",\"url\":\"https:\\\/\\\/littlevillagechamber.org\\\/wp-content\\\/uploads\\\/LVCC.png\",\"contentUrl\":\"https:\\\/\\\/littlevillagechamber.org\\\/wp-content\\\/uploads\\\/LVCC.png\",\"width\":300,\"height\":257,\"caption\":\"Little Village Chamber of Commerce\"},\"image\":{\"@id\":\"https:\\\/\\\/littlevillagechamber.org\\\/#\\\/schema\\\/logo\\\/image\\\/\"}},{\"@type\":\"Person\",\"@id\":\"https:\\\/\\\/littlevillagechamber.org\\\/#\\\/schema\\\/person\\\/3407b6127674b885823e3884d2881334\",\"name\":\"Juan Carlos\",\"image\":{\"@type\":\"ImageObject\",\"inLanguage\":\"es\",\"@id\":\"https:\\\/\\\/secure.gravatar.com\\\/avatar\\\/dbb8bb62a16f84597a78e9714051cf73aa61edd7d20627881ab9e20dcccffd2e?s=96&d=mm&r=g\",\"url\":\"https:\\\/\\\/secure.gravatar.com\\\/avatar\\\/dbb8bb62a16f84597a78e9714051cf73aa61edd7d20627881ab9e20dcccffd2e?s=96&d=mm&r=g\",\"contentUrl\":\"https:\\\/\\\/secure.gravatar.com\\\/avatar\\\/dbb8bb62a16f84597a78e9714051cf73aa61edd7d20627881ab9e20dcccffd2e?s=96&d=mm&r=g\",\"caption\":\"Juan Carlos\"},\"url\":\"https:\\\/\\\/littlevillagechamber.org\\\/es\\\/author\\\/juancarlos\\\/\"}]}<\/script>\n<!-- \/ Yoast SEO plugin. -->","yoast_head_json":{"title":"Redadas en La Villita golpean e indignan a la comunidad - Little Village Chamber of Commerce","robots":{"index":"index","follow":"follow","max-snippet":"max-snippet:-1","max-image-preview":"max-image-preview:large","max-video-preview":"max-video-preview:-1"},"canonical":"https:\/\/littlevillagechamber.org\/es\/redadas-en-la-villita-golpean-e-indignan-a-la-comunidad\/","og_locale":"es_MX","og_type":"article","og_title":"Redadas en La Villita golpean e indignan a la comunidad - Little Village Chamber of Commerce","og_description":"Agresivos agentes federales han realizado por dos d\u00edas seguidos detenciones de inmigrantes y tambi\u00e9n de ciudadanos, en medio de protestas de la gente Por\u00a0\u00a0Antonio Zavala Baltazar Enr\u00edquez, presidente del Concilio Comunitario de La Villita, tiene unas palabras sobre el Gregory Bovino, comandante de la Patrulla Fronteriza que lidera la Operaci\u00f3n Midway Blitz en Chicago y [&hellip;]","og_url":"https:\/\/littlevillagechamber.org\/es\/redadas-en-la-villita-golpean-e-indignan-a-la-comunidad\/","og_site_name":"Little Village Chamber of Commerce","article_published_time":"2025-11-04T22:03:32+00:00","og_image":[{"width":1316,"height":740,"url":"https:\/\/littlevillagechamber.org\/wp-content\/uploads\/Border-Patrol-AP25276550230309.webp","type":"image\/webp"}],"author":"Juan Carlos","twitter_card":"summary_large_image","twitter_misc":{"Escrito por":"Juan Carlos","Tiempo de lectura":"4 minutos"},"schema":{"@context":"https:\/\/schema.org","@graph":[{"@type":"Article","@id":"https:\/\/littlevillagechamber.org\/redadas-en-la-villita-golpean-e-indignan-a-la-comunidad\/#article","isPartOf":{"@id":"https:\/\/littlevillagechamber.org\/redadas-en-la-villita-golpean-e-indignan-a-la-comunidad\/"},"author":{"name":"Juan Carlos","@id":"https:\/\/littlevillagechamber.org\/#\/schema\/person\/3407b6127674b885823e3884d2881334"},"headline":"Redadas en La Villita golpean e indignan a la comunidad","datePublished":"2025-11-04T22:03:32+00:00","mainEntityOfPage":{"@id":"https:\/\/littlevillagechamber.org\/redadas-en-la-villita-golpean-e-indignan-a-la-comunidad\/"},"wordCount":734,"publisher":{"@id":"https:\/\/littlevillagechamber.org\/#organization"},"image":{"@id":"https:\/\/littlevillagechamber.org\/redadas-en-la-villita-golpean-e-indignan-a-la-comunidad\/#primaryimage"},"thumbnailUrl":"https:\/\/littlevillagechamber.org\/wp-content\/uploads\/Border-Patrol-AP25276550230309.webp","articleSection":["In other news"],"inLanguage":"es"},{"@type":"WebPage","@id":"https:\/\/littlevillagechamber.org\/redadas-en-la-villita-golpean-e-indignan-a-la-comunidad\/","url":"https:\/\/littlevillagechamber.org\/redadas-en-la-villita-golpean-e-indignan-a-la-comunidad\/","name":"Redadas en La Villita golpean e indignan a la comunidad - Little Village Chamber of Commerce","isPartOf":{"@id":"https:\/\/littlevillagechamber.org\/#website"},"primaryImageOfPage":{"@id":"https:\/\/littlevillagechamber.org\/redadas-en-la-villita-golpean-e-indignan-a-la-comunidad\/#primaryimage"},"image":{"@id":"https:\/\/littlevillagechamber.org\/redadas-en-la-villita-golpean-e-indignan-a-la-comunidad\/#primaryimage"},"thumbnailUrl":"https:\/\/littlevillagechamber.org\/wp-content\/uploads\/Border-Patrol-AP25276550230309.webp","datePublished":"2025-11-04T22:03:32+00:00","breadcrumb":{"@id":"https:\/\/littlevillagechamber.org\/redadas-en-la-villita-golpean-e-indignan-a-la-comunidad\/#breadcrumb"},"inLanguage":"es","potentialAction":[{"@type":"ReadAction","target":["https:\/\/littlevillagechamber.org\/redadas-en-la-villita-golpean-e-indignan-a-la-comunidad\/"]}]},{"@type":"ImageObject","inLanguage":"es","@id":"https:\/\/littlevillagechamber.org\/redadas-en-la-villita-golpean-e-indignan-a-la-comunidad\/#primaryimage","url":"https:\/\/littlevillagechamber.org\/wp-content\/uploads\/Border-Patrol-AP25276550230309.webp","contentUrl":"https:\/\/littlevillagechamber.org\/wp-content\/uploads\/Border-Patrol-AP25276550230309.webp","width":1316,"height":740},{"@type":"BreadcrumbList","@id":"https:\/\/littlevillagechamber.org\/redadas-en-la-villita-golpean-e-indignan-a-la-comunidad\/#breadcrumb","itemListElement":[{"@type":"ListItem","position":1,"name":"Home","item":"https:\/\/littlevillagechamber.org\/"},{"@type":"ListItem","position":2,"name":"Redadas en La Villita golpean e indignan a la comunidad"}]},{"@type":"WebSite","@id":"https:\/\/littlevillagechamber.org\/#website","url":"https:\/\/littlevillagechamber.org\/","name":"La C\u00e1mara de Comercio de La Villita","description":"Tu M\u00e9xico, Tu Chicago!","publisher":{"@id":"https:\/\/littlevillagechamber.org\/#organization"},"potentialAction":[{"@type":"SearchAction","target":{"@type":"EntryPoint","urlTemplate":"https:\/\/littlevillagechamber.org\/?s={search_term_string}"},"query-input":{"@type":"PropertyValueSpecification","valueRequired":true,"valueName":"search_term_string"}}],"inLanguage":"es"},{"@type":"Organization","@id":"https:\/\/littlevillagechamber.org\/#organization","name":"La C\u00e1mara de Comercio de La Villita","url":"https:\/\/littlevillagechamber.org\/","logo":{"@type":"ImageObject","inLanguage":"es","@id":"https:\/\/littlevillagechamber.org\/#\/schema\/logo\/image\/","url":"https:\/\/littlevillagechamber.org\/wp-content\/uploads\/LVCC.png","contentUrl":"https:\/\/littlevillagechamber.org\/wp-content\/uploads\/LVCC.png","width":300,"height":257,"caption":"Little Village Chamber of Commerce"},"image":{"@id":"https:\/\/littlevillagechamber.org\/#\/schema\/logo\/image\/"}},{"@type":"Person","@id":"https:\/\/littlevillagechamber.org\/#\/schema\/person\/3407b6127674b885823e3884d2881334","name":"Juan Carlos","image":{"@type":"ImageObject","inLanguage":"es","@id":"https:\/\/secure.gravatar.com\/avatar\/dbb8bb62a16f84597a78e9714051cf73aa61edd7d20627881ab9e20dcccffd2e?s=96&d=mm&r=g","url":"https:\/\/secure.gravatar.com\/avatar\/dbb8bb62a16f84597a78e9714051cf73aa61edd7d20627881ab9e20dcccffd2e?s=96&d=mm&r=g","contentUrl":"https:\/\/secure.gravatar.com\/avatar\/dbb8bb62a16f84597a78e9714051cf73aa61edd7d20627881ab9e20dcccffd2e?s=96&d=mm&r=g","caption":"Juan Carlos"},"url":"https:\/\/littlevillagechamber.org\/es\/author\/juancarlos\/"}]}},"_links":{"self":[{"href":"https:\/\/littlevillagechamber.org\/es\/wp-json\/wp\/v2\/posts\/31342","targetHints":{"allow":["GET"]}}],"collection":[{"href":"https:\/\/littlevillagechamber.org\/es\/wp-json\/wp\/v2\/posts"}],"about":[{"href":"https:\/\/littlevillagechamber.org\/es\/wp-json\/wp\/v2\/types\/post"}],"author":[{"embeddable":true,"href":"https:\/\/littlevillagechamber.org\/es\/wp-json\/wp\/v2\/users\/213"}],"replies":[{"embeddable":true,"href":"https:\/\/littlevillagechamber.org\/es\/wp-json\/wp\/v2\/comments?post=31342"}],"version-history":[{"count":1,"href":"https:\/\/littlevillagechamber.org\/es\/wp-json\/wp\/v2\/posts\/31342\/revisions"}],"predecessor-version":[{"id":31344,"href":"https:\/\/littlevillagechamber.org\/es\/wp-json\/wp\/v2\/posts\/31342\/revisions\/31344"}],"wp:featuredmedia":[{"embeddable":true,"href":"https:\/\/littlevillagechamber.org\/es\/wp-json\/wp\/v2\/media\/31343"}],"wp:attachment":[{"href":"https:\/\/littlevillagechamber.org\/es\/wp-json\/wp\/v2\/media?parent=31342"}],"wp:term":[{"taxonomy":"category","embeddable":true,"href":"https:\/\/littlevillagechamber.org\/es\/wp-json\/wp\/v2\/categories?post=31342"},{"taxonomy":"post_tag","embeddable":true,"href":"https:\/\/littlevillagechamber.org\/es\/wp-json\/wp\/v2\/tags?post=31342"}],"curies":[{"name":"wp","href":"https:\/\/api.w.org\/{rel}","templated":true}]}}