{"id":31118,"date":"2025-09-16T12:49:03","date_gmt":"2025-09-16T17:49:03","guid":{"rendered":"https:\/\/littlevillagechamber.org\/?p=31118"},"modified":"2025-09-16T12:49:35","modified_gmt":"2025-09-16T17:49:35","slug":"mexicanos-en-chicago-salen-a-celebrar-a-pesar-de-la-amenaza-de-las-redadas","status":"publish","type":"post","link":"https:\/\/littlevillagechamber.org\/es\/mexicanos-en-chicago-salen-a-celebrar-a-pesar-de-la-amenaza-de-las-redadas\/","title":{"rendered":"Mexicanos en Chicago salen a celebrar a pesar de la amenaza de las redadas"},"content":{"rendered":"<div class=\"image__caption attribution\"><em><span class=\"inline-placeholder\" data-editable=\"metaCaption\">Espectadores observan el avance del 54\u00ba Desfile Anual por el D\u00eda de la Independencia de M\u00e9xico a lo largo de la calle 26, en el barrio de La Villita, el 14 de septiembre de 2025 en Chicago, Illinois.<\/span>\u00a0<\/em><\/div>\n<p>Scott Olson\/Getty Images North America\/Getty Images<\/p>\n<p>https:\/\/cnnespanol.cnn.com\/2025\/09\/15\/eeuu\/celebraciones-independencia-mexico-los-angeles-chicago-eeuu-orix<\/p>\n<p class=\"paragraph inline-placeholder vossi-paragraph\" data-uri=\"es.cms.cnn.com\/_components\/paragraph\/instances\/cmflmv8380009356nootqdin0@published\" data-editable=\"text\" data-component-name=\"paragraph\" data-article-gutter=\"true\" data-analytics-observe=\"on\">En Chicago, donde las celebraciones por el D\u00eda de la Independencia de M\u00e9xico suelen extenderse por semanas con caravanas, desfiles y festivales, la \u201cOperaci\u00f3n Midway Blitz\u201d, anunciada por el Gobierno de Trump, gener\u00f3 inquietudes entre la comunidad.<\/p>\n<p class=\"paragraph inline-placeholder vossi-paragraph\" data-uri=\"es.cms.cnn.com\/_components\/paragraph\/instances\/cmflnlun8000s356npdixypkm@published\" data-editable=\"text\" data-component-name=\"paragraph\" data-article-gutter=\"true\" data-analytics-observe=\"off\">El aumento de la presencia de agentes de ICE y la incertidumbre generada provocaron la\u00a0<a href=\"https:\/\/cnnespanol.cnn.com\/2025\/09\/07\/eeuu\/chicago-dia-independencia-mexico-inmigracion-trax\">suspensi\u00f3n\u00a0<\/a>de El Grito Chicago, un festival de dos d\u00edas que se realiza en el Grant Park del centro de la ciudad. Los organizadores decidieron posponer el evento, citando preocupaciones por la \u201cseguridad de nuestra comunidad\u201d.<\/p>\n<p class=\"paragraph inline-placeholder vossi-paragraph\" data-uri=\"es.cms.cnn.com\/_components\/paragraph\/instances\/cmflnlaev000p356n34sru10y@published\" data-editable=\"text\" data-component-name=\"paragraph\" data-article-gutter=\"true\" data-analytics-observe=\"off\">Sin embargo, bajo la sombra de posibles redadas, los residentes del barrio Pilsen, mayoritariamente latino, celebraron el D\u00eda de la Independencia hace unos d\u00edas con un desfile que se realiz\u00f3 con normalidad. \u201cCreo que en todos los vecindarios hay mucho miedo, pero tenemos que seguir unidos\u201d,\u00a0<a href=\"https:\/\/cnnespanol.cnn.com\/2025\/09\/06\/eeuu\/video\/celebraciones-independencia-mexico-redadas-ice-chicago-mirador-mundial-tv\">dijo\u00a0<\/a>a CNN Araceli Lucio, habitante de Pilsen.<\/p>\n<p class=\"paragraph inline-placeholder vossi-paragraph\" data-uri=\"es.cms.cnn.com\/_components\/paragraph\/instances\/cmflnlaev000q356n8i6rryub@published\" data-editable=\"text\" data-component-name=\"paragraph\" data-article-gutter=\"true\" data-analytics-observe=\"off\">En otras partes de Chicago, la comunidad tambi\u00e9n sali\u00f3 a festejar este fin de semana. En\u00a0<a href=\"https:\/\/x.com\/ConsulMexCho\/status\/1967444646323478564\" target=\"_blank\" rel=\"noopener\">Cicero\u00a0<\/a><strong>y en el barrio de<a href=\"https:\/\/x.com\/ConsulMexCho\/status\/1967351433294119275\" target=\"_blank\" rel=\"noopener\">\u00a0La Villita<\/a>, miles de mexicanos se reunieron para presenciar los desfiles.<\/strong><\/p>\n<p class=\"paragraph inline-placeholder vossi-paragraph\" data-uri=\"es.cms.cnn.com\/_components\/paragraph\/instances\/cmflpd7dw0029356nt9dxrxox@published\" data-editable=\"text\" data-component-name=\"paragraph\" data-article-gutter=\"true\" data-analytics-observe=\"off\">Entre banderas, m\u00fasica y trajes t\u00edpicos, durante los desfiles tambi\u00e9n se vieron pancartas con mensajes como \u201cMigra fuera de Chicago\u201d, reflejo del rechazo a la ofensiva migratoria del Gobierno de Trump. M\u00e1s all\u00e1 de la fiesta, estos encuentros se convirtieron en una expresi\u00f3n de unidad y resistencia.<\/p>\n<p class=\"paragraph inline-placeholder vossi-paragraph\" data-uri=\"es.cms.cnn.com\/_components\/paragraph\/instances\/cmflopk91001v356n15bqstbe@published\" data-editable=\"text\" data-component-name=\"paragraph\" data-article-gutter=\"true\" data-analytics-observe=\"off\">Trump decidi\u00f3\u00a0<a href=\"https:\/\/cnnespanol.cnn.com\/2025\/09\/12\/eeuu\/trump-aplaza-operativos-chicago-riesgos-legales-trax\">suspender\u00a0<\/a>sus planes de enviar tropas federales a Chicago como parte de su iniciativa nacional contra el crimen. Sus asesores le advirtieron que hacerlo sin el apoyo del gobernador podr\u00eda generar problemas legales. A\u00fan no est\u00e1 claro si Trump solicitar\u00e1 la ayuda de la Guardia Nacional en las operaciones migratorias, algo que el presidente ha dejado como opci\u00f3n.<\/p>","protected":false},"excerpt":{"rendered":"<p>Espectadores observan el avance del 54\u00ba Desfile Anual por el D\u00eda de la Independencia de M\u00e9xico a lo largo de la calle 26, en el barrio de La Villita, el 14 de septiembre de 2025 en Chicago, Illinois.\u00a0 Scott Olson\/Getty Images North America\/Getty Images https:\/\/cnnespanol.cnn.com\/2025\/09\/15\/eeuu\/celebraciones-independencia-mexico-los-angeles-chicago-eeuu-orix En Chicago, donde las celebraciones por el D\u00eda de la [&hellip;]<\/p>\n","protected":false},"author":213,"featured_media":31119,"comment_status":"closed","ping_status":"open","sticky":false,"template":"","format":"standard","meta":{"site-sidebar-layout":"default","site-content-layout":"","ast-site-content-layout":"default","site-content-style":"default","site-sidebar-style":"default","ast-global-header-display":"","ast-banner-title-visibility":"","ast-main-header-display":"","ast-hfb-above-header-display":"","ast-hfb-below-header-display":"","ast-hfb-mobile-header-display":"","site-post-title":"","ast-breadcrumbs-content":"","ast-featured-img":"","footer-sml-layout":"","ast-disable-related-posts":"","theme-transparent-header-meta":"default","adv-header-id-meta":"","stick-header-meta":"default","header-above-stick-meta":"","header-main-stick-meta":"","header-below-stick-meta":"","astra-migrate-meta-layouts":"set","ast-page-background-enabled":"default","ast-page-background-meta":{"desktop":{"background-color":"","background-image":"","background-repeat":"repeat","background-position":"center center","background-size":"auto","background-attachment":"scroll","background-type":"","background-media":"","overlay-type":"","overlay-color":"","overlay-opacity":"","overlay-gradient":""},"tablet":{"background-color":"","background-image":"","background-repeat":"repeat","background-position":"center center","background-size":"auto","background-attachment":"scroll","background-type":"","background-media":"","overlay-type":"","overlay-color":"","overlay-opacity":"","overlay-gradient":""},"mobile":{"background-color":"","background-image":"","background-repeat":"repeat","background-position":"center center","background-size":"auto","background-attachment":"scroll","background-type":"","background-media":"","overlay-type":"","overlay-color":"","overlay-opacity":"","overlay-gradient":""}},"ast-content-background-meta":{"desktop":{"background-color":"var(--ast-global-color-5)","background-image":"","background-repeat":"repeat","background-position":"center center","background-size":"auto","background-attachment":"scroll","background-type":"","background-media":"","overlay-type":"","overlay-color":"","overlay-opacity":"","overlay-gradient":""},"tablet":{"background-color":"var(--ast-global-color-5)","background-image":"","background-repeat":"repeat","background-position":"center center","background-size":"auto","background-attachment":"scroll","background-type":"","background-media":"","overlay-type":"","overlay-color":"","overlay-opacity":"","overlay-gradient":""},"mobile":{"background-color":"var(--ast-global-color-5)","background-image":"","background-repeat":"repeat","background-position":"center center","background-size":"auto","background-attachment":"scroll","background-type":"","background-media":"","overlay-type":"","overlay-color":"","overlay-opacity":"","overlay-gradient":""}},"footnotes":""},"categories":[15],"tags":[],"class_list":["post-31118","post","type-post","status-publish","format-standard","has-post-thumbnail","hentry","category-news-articles"],"yoast_head":"<!-- This site is optimized with the Yoast SEO plugin v27.4 - https:\/\/yoast.com\/product\/yoast-seo-wordpress\/ -->\n<title>Mexicanos en Chicago salen a celebrar a pesar de la amenaza de las redadas - Little Village Chamber of Commerce<\/title>\n<meta name=\"robots\" content=\"index, follow, max-snippet:-1, max-image-preview:large, max-video-preview:-1\" \/>\n<link rel=\"canonical\" href=\"https:\/\/littlevillagechamber.org\/es\/mexicanos-en-chicago-salen-a-celebrar-a-pesar-de-la-amenaza-de-las-redadas\/\" \/>\n<meta property=\"og:locale\" content=\"es_MX\" \/>\n<meta property=\"og:type\" content=\"article\" \/>\n<meta property=\"og:title\" content=\"Mexicanos en Chicago salen a celebrar a pesar de la amenaza de las redadas - Little Village Chamber of Commerce\" \/>\n<meta property=\"og:description\" content=\"Espectadores observan el avance del 54\u00ba Desfile Anual por el D\u00eda de la Independencia de M\u00e9xico a lo largo de la calle 26, en el barrio de La Villita, el 14 de septiembre de 2025 en Chicago, Illinois.\u00a0 Scott Olson\/Getty Images North America\/Getty Images https:\/\/cnnespanol.cnn.com\/2025\/09\/15\/eeuu\/celebraciones-independencia-mexico-los-angeles-chicago-eeuu-orix En Chicago, donde las celebraciones por el D\u00eda de la [&hellip;]\" \/>\n<meta property=\"og:url\" content=\"https:\/\/littlevillagechamber.org\/es\/mexicanos-en-chicago-salen-a-celebrar-a-pesar-de-la-amenaza-de-las-redadas\/\" \/>\n<meta property=\"og:site_name\" content=\"Little Village Chamber of Commerce\" \/>\n<meta property=\"article:published_time\" content=\"2025-09-16T17:49:03+00:00\" \/>\n<meta property=\"article:modified_time\" content=\"2025-09-16T17:49:35+00:00\" \/>\n<meta property=\"og:image\" content=\"https:\/\/littlevillagechamber.org\/wp-content\/uploads\/Screenshot-2025-09-16-at-12.48.04-PM-1024x684.png\" \/>\n\t<meta property=\"og:image:width\" content=\"1024\" \/>\n\t<meta property=\"og:image:height\" content=\"684\" \/>\n\t<meta property=\"og:image:type\" content=\"image\/png\" \/>\n<meta name=\"author\" content=\"Juan Carlos\" \/>\n<meta name=\"twitter:card\" content=\"summary_large_image\" \/>\n<meta name=\"twitter:label1\" content=\"Escrito por\" \/>\n\t<meta name=\"twitter:data1\" content=\"Juan Carlos\" \/>\n\t<meta name=\"twitter:label2\" content=\"Tiempo de lectura\" \/>\n\t<meta name=\"twitter:data2\" content=\"2 minutos\" \/>\n<script type=\"application\/ld+json\" class=\"yoast-schema-graph\">{\"@context\":\"https:\\\/\\\/schema.org\",\"@graph\":[{\"@type\":\"Article\",\"@id\":\"https:\\\/\\\/littlevillagechamber.org\\\/mexicanos-en-chicago-salen-a-celebrar-a-pesar-de-la-amenaza-de-las-redadas\\\/#article\",\"isPartOf\":{\"@id\":\"https:\\\/\\\/littlevillagechamber.org\\\/mexicanos-en-chicago-salen-a-celebrar-a-pesar-de-la-amenaza-de-las-redadas\\\/\"},\"author\":{\"name\":\"Juan Carlos\",\"@id\":\"https:\\\/\\\/littlevillagechamber.org\\\/#\\\/schema\\\/person\\\/3407b6127674b885823e3884d2881334\"},\"headline\":\"Mexicanos en Chicago salen a celebrar a pesar de la amenaza de las redadas\",\"datePublished\":\"2025-09-16T17:49:03+00:00\",\"dateModified\":\"2025-09-16T17:49:35+00:00\",\"mainEntityOfPage\":{\"@id\":\"https:\\\/\\\/littlevillagechamber.org\\\/mexicanos-en-chicago-salen-a-celebrar-a-pesar-de-la-amenaza-de-las-redadas\\\/\"},\"wordCount\":362,\"publisher\":{\"@id\":\"https:\\\/\\\/littlevillagechamber.org\\\/#organization\"},\"image\":{\"@id\":\"https:\\\/\\\/littlevillagechamber.org\\\/mexicanos-en-chicago-salen-a-celebrar-a-pesar-de-la-amenaza-de-las-redadas\\\/#primaryimage\"},\"thumbnailUrl\":\"https:\\\/\\\/littlevillagechamber.org\\\/wp-content\\\/uploads\\\/Screenshot-2025-09-16-at-12.48.04-PM.png\",\"articleSection\":[\"News Articles\"],\"inLanguage\":\"es\"},{\"@type\":\"WebPage\",\"@id\":\"https:\\\/\\\/littlevillagechamber.org\\\/mexicanos-en-chicago-salen-a-celebrar-a-pesar-de-la-amenaza-de-las-redadas\\\/\",\"url\":\"https:\\\/\\\/littlevillagechamber.org\\\/mexicanos-en-chicago-salen-a-celebrar-a-pesar-de-la-amenaza-de-las-redadas\\\/\",\"name\":\"Mexicanos en Chicago salen a celebrar a pesar de la amenaza de las redadas - Little Village Chamber of Commerce\",\"isPartOf\":{\"@id\":\"https:\\\/\\\/littlevillagechamber.org\\\/#website\"},\"primaryImageOfPage\":{\"@id\":\"https:\\\/\\\/littlevillagechamber.org\\\/mexicanos-en-chicago-salen-a-celebrar-a-pesar-de-la-amenaza-de-las-redadas\\\/#primaryimage\"},\"image\":{\"@id\":\"https:\\\/\\\/littlevillagechamber.org\\\/mexicanos-en-chicago-salen-a-celebrar-a-pesar-de-la-amenaza-de-las-redadas\\\/#primaryimage\"},\"thumbnailUrl\":\"https:\\\/\\\/littlevillagechamber.org\\\/wp-content\\\/uploads\\\/Screenshot-2025-09-16-at-12.48.04-PM.png\",\"datePublished\":\"2025-09-16T17:49:03+00:00\",\"dateModified\":\"2025-09-16T17:49:35+00:00\",\"breadcrumb\":{\"@id\":\"https:\\\/\\\/littlevillagechamber.org\\\/mexicanos-en-chicago-salen-a-celebrar-a-pesar-de-la-amenaza-de-las-redadas\\\/#breadcrumb\"},\"inLanguage\":\"es\",\"potentialAction\":[{\"@type\":\"ReadAction\",\"target\":[\"https:\\\/\\\/littlevillagechamber.org\\\/mexicanos-en-chicago-salen-a-celebrar-a-pesar-de-la-amenaza-de-las-redadas\\\/\"]}]},{\"@type\":\"ImageObject\",\"inLanguage\":\"es\",\"@id\":\"https:\\\/\\\/littlevillagechamber.org\\\/mexicanos-en-chicago-salen-a-celebrar-a-pesar-de-la-amenaza-de-las-redadas\\\/#primaryimage\",\"url\":\"https:\\\/\\\/littlevillagechamber.org\\\/wp-content\\\/uploads\\\/Screenshot-2025-09-16-at-12.48.04-PM.png\",\"contentUrl\":\"https:\\\/\\\/littlevillagechamber.org\\\/wp-content\\\/uploads\\\/Screenshot-2025-09-16-at-12.48.04-PM.png\",\"width\":1812,\"height\":1210},{\"@type\":\"BreadcrumbList\",\"@id\":\"https:\\\/\\\/littlevillagechamber.org\\\/mexicanos-en-chicago-salen-a-celebrar-a-pesar-de-la-amenaza-de-las-redadas\\\/#breadcrumb\",\"itemListElement\":[{\"@type\":\"ListItem\",\"position\":1,\"name\":\"Home\",\"item\":\"https:\\\/\\\/littlevillagechamber.org\\\/\"},{\"@type\":\"ListItem\",\"position\":2,\"name\":\"Mexicanos en Chicago salen a celebrar a pesar de la amenaza de las redadas\"}]},{\"@type\":\"WebSite\",\"@id\":\"https:\\\/\\\/littlevillagechamber.org\\\/#website\",\"url\":\"https:\\\/\\\/littlevillagechamber.org\\\/\",\"name\":\"Little Village Chamber of Commerce\",\"description\":\"Tu Mexico, Tu Chicago!\",\"publisher\":{\"@id\":\"https:\\\/\\\/littlevillagechamber.org\\\/#organization\"},\"potentialAction\":[{\"@type\":\"SearchAction\",\"target\":{\"@type\":\"EntryPoint\",\"urlTemplate\":\"https:\\\/\\\/littlevillagechamber.org\\\/?s={search_term_string}\"},\"query-input\":{\"@type\":\"PropertyValueSpecification\",\"valueRequired\":true,\"valueName\":\"search_term_string\"}}],\"inLanguage\":\"es\"},{\"@type\":\"Organization\",\"@id\":\"https:\\\/\\\/littlevillagechamber.org\\\/#organization\",\"name\":\"Little Village Chamber of Commerce\",\"url\":\"https:\\\/\\\/littlevillagechamber.org\\\/\",\"logo\":{\"@type\":\"ImageObject\",\"inLanguage\":\"es\",\"@id\":\"https:\\\/\\\/littlevillagechamber.org\\\/#\\\/schema\\\/logo\\\/image\\\/\",\"url\":\"https:\\\/\\\/littlevillagechamber.org\\\/wp-content\\\/uploads\\\/LVCC.png\",\"contentUrl\":\"https:\\\/\\\/littlevillagechamber.org\\\/wp-content\\\/uploads\\\/LVCC.png\",\"width\":300,\"height\":257,\"caption\":\"Little Village Chamber of Commerce\"},\"image\":{\"@id\":\"https:\\\/\\\/littlevillagechamber.org\\\/#\\\/schema\\\/logo\\\/image\\\/\"}},{\"@type\":\"Person\",\"@id\":\"https:\\\/\\\/littlevillagechamber.org\\\/#\\\/schema\\\/person\\\/3407b6127674b885823e3884d2881334\",\"name\":\"Juan Carlos\",\"image\":{\"@type\":\"ImageObject\",\"inLanguage\":\"es\",\"@id\":\"https:\\\/\\\/secure.gravatar.com\\\/avatar\\\/dbb8bb62a16f84597a78e9714051cf73aa61edd7d20627881ab9e20dcccffd2e?s=96&d=mm&r=g\",\"url\":\"https:\\\/\\\/secure.gravatar.com\\\/avatar\\\/dbb8bb62a16f84597a78e9714051cf73aa61edd7d20627881ab9e20dcccffd2e?s=96&d=mm&r=g\",\"contentUrl\":\"https:\\\/\\\/secure.gravatar.com\\\/avatar\\\/dbb8bb62a16f84597a78e9714051cf73aa61edd7d20627881ab9e20dcccffd2e?s=96&d=mm&r=g\",\"caption\":\"Juan Carlos\"},\"url\":\"https:\\\/\\\/littlevillagechamber.org\\\/es\\\/author\\\/juancarlos\\\/\"}]}<\/script>\n<!-- \/ Yoast SEO plugin. -->","yoast_head_json":{"title":"Mexicanos en Chicago salen a celebrar a pesar de la amenaza de las redadas - Little Village Chamber of Commerce","robots":{"index":"index","follow":"follow","max-snippet":"max-snippet:-1","max-image-preview":"max-image-preview:large","max-video-preview":"max-video-preview:-1"},"canonical":"https:\/\/littlevillagechamber.org\/es\/mexicanos-en-chicago-salen-a-celebrar-a-pesar-de-la-amenaza-de-las-redadas\/","og_locale":"es_MX","og_type":"article","og_title":"Mexicanos en Chicago salen a celebrar a pesar de la amenaza de las redadas - Little Village Chamber of Commerce","og_description":"Espectadores observan el avance del 54\u00ba Desfile Anual por el D\u00eda de la Independencia de M\u00e9xico a lo largo de la calle 26, en el barrio de La Villita, el 14 de septiembre de 2025 en Chicago, Illinois.\u00a0 Scott Olson\/Getty Images North America\/Getty Images https:\/\/cnnespanol.cnn.com\/2025\/09\/15\/eeuu\/celebraciones-independencia-mexico-los-angeles-chicago-eeuu-orix En Chicago, donde las celebraciones por el D\u00eda de la [&hellip;]","og_url":"https:\/\/littlevillagechamber.org\/es\/mexicanos-en-chicago-salen-a-celebrar-a-pesar-de-la-amenaza-de-las-redadas\/","og_site_name":"Little Village Chamber of Commerce","article_published_time":"2025-09-16T17:49:03+00:00","article_modified_time":"2025-09-16T17:49:35+00:00","og_image":[{"width":1024,"height":684,"url":"https:\/\/littlevillagechamber.org\/wp-content\/uploads\/Screenshot-2025-09-16-at-12.48.04-PM-1024x684.png","type":"image\/png"}],"author":"Juan Carlos","twitter_card":"summary_large_image","twitter_misc":{"Escrito por":"Juan Carlos","Tiempo de lectura":"2 minutos"},"schema":{"@context":"https:\/\/schema.org","@graph":[{"@type":"Article","@id":"https:\/\/littlevillagechamber.org\/mexicanos-en-chicago-salen-a-celebrar-a-pesar-de-la-amenaza-de-las-redadas\/#article","isPartOf":{"@id":"https:\/\/littlevillagechamber.org\/mexicanos-en-chicago-salen-a-celebrar-a-pesar-de-la-amenaza-de-las-redadas\/"},"author":{"name":"Juan Carlos","@id":"https:\/\/littlevillagechamber.org\/#\/schema\/person\/3407b6127674b885823e3884d2881334"},"headline":"Mexicanos en Chicago salen a celebrar a pesar de la amenaza de las redadas","datePublished":"2025-09-16T17:49:03+00:00","dateModified":"2025-09-16T17:49:35+00:00","mainEntityOfPage":{"@id":"https:\/\/littlevillagechamber.org\/mexicanos-en-chicago-salen-a-celebrar-a-pesar-de-la-amenaza-de-las-redadas\/"},"wordCount":362,"publisher":{"@id":"https:\/\/littlevillagechamber.org\/#organization"},"image":{"@id":"https:\/\/littlevillagechamber.org\/mexicanos-en-chicago-salen-a-celebrar-a-pesar-de-la-amenaza-de-las-redadas\/#primaryimage"},"thumbnailUrl":"https:\/\/littlevillagechamber.org\/wp-content\/uploads\/Screenshot-2025-09-16-at-12.48.04-PM.png","articleSection":["News Articles"],"inLanguage":"es"},{"@type":"WebPage","@id":"https:\/\/littlevillagechamber.org\/mexicanos-en-chicago-salen-a-celebrar-a-pesar-de-la-amenaza-de-las-redadas\/","url":"https:\/\/littlevillagechamber.org\/mexicanos-en-chicago-salen-a-celebrar-a-pesar-de-la-amenaza-de-las-redadas\/","name":"Mexicanos en Chicago salen a celebrar a pesar de la amenaza de las redadas - Little Village Chamber of Commerce","isPartOf":{"@id":"https:\/\/littlevillagechamber.org\/#website"},"primaryImageOfPage":{"@id":"https:\/\/littlevillagechamber.org\/mexicanos-en-chicago-salen-a-celebrar-a-pesar-de-la-amenaza-de-las-redadas\/#primaryimage"},"image":{"@id":"https:\/\/littlevillagechamber.org\/mexicanos-en-chicago-salen-a-celebrar-a-pesar-de-la-amenaza-de-las-redadas\/#primaryimage"},"thumbnailUrl":"https:\/\/littlevillagechamber.org\/wp-content\/uploads\/Screenshot-2025-09-16-at-12.48.04-PM.png","datePublished":"2025-09-16T17:49:03+00:00","dateModified":"2025-09-16T17:49:35+00:00","breadcrumb":{"@id":"https:\/\/littlevillagechamber.org\/mexicanos-en-chicago-salen-a-celebrar-a-pesar-de-la-amenaza-de-las-redadas\/#breadcrumb"},"inLanguage":"es","potentialAction":[{"@type":"ReadAction","target":["https:\/\/littlevillagechamber.org\/mexicanos-en-chicago-salen-a-celebrar-a-pesar-de-la-amenaza-de-las-redadas\/"]}]},{"@type":"ImageObject","inLanguage":"es","@id":"https:\/\/littlevillagechamber.org\/mexicanos-en-chicago-salen-a-celebrar-a-pesar-de-la-amenaza-de-las-redadas\/#primaryimage","url":"https:\/\/littlevillagechamber.org\/wp-content\/uploads\/Screenshot-2025-09-16-at-12.48.04-PM.png","contentUrl":"https:\/\/littlevillagechamber.org\/wp-content\/uploads\/Screenshot-2025-09-16-at-12.48.04-PM.png","width":1812,"height":1210},{"@type":"BreadcrumbList","@id":"https:\/\/littlevillagechamber.org\/mexicanos-en-chicago-salen-a-celebrar-a-pesar-de-la-amenaza-de-las-redadas\/#breadcrumb","itemListElement":[{"@type":"ListItem","position":1,"name":"Home","item":"https:\/\/littlevillagechamber.org\/"},{"@type":"ListItem","position":2,"name":"Mexicanos en Chicago salen a celebrar a pesar de la amenaza de las redadas"}]},{"@type":"WebSite","@id":"https:\/\/littlevillagechamber.org\/#website","url":"https:\/\/littlevillagechamber.org\/","name":"La C\u00e1mara de Comercio de La Villita","description":"Tu M\u00e9xico, Tu Chicago!","publisher":{"@id":"https:\/\/littlevillagechamber.org\/#organization"},"potentialAction":[{"@type":"SearchAction","target":{"@type":"EntryPoint","urlTemplate":"https:\/\/littlevillagechamber.org\/?s={search_term_string}"},"query-input":{"@type":"PropertyValueSpecification","valueRequired":true,"valueName":"search_term_string"}}],"inLanguage":"es"},{"@type":"Organization","@id":"https:\/\/littlevillagechamber.org\/#organization","name":"La C\u00e1mara de Comercio de La Villita","url":"https:\/\/littlevillagechamber.org\/","logo":{"@type":"ImageObject","inLanguage":"es","@id":"https:\/\/littlevillagechamber.org\/#\/schema\/logo\/image\/","url":"https:\/\/littlevillagechamber.org\/wp-content\/uploads\/LVCC.png","contentUrl":"https:\/\/littlevillagechamber.org\/wp-content\/uploads\/LVCC.png","width":300,"height":257,"caption":"Little Village Chamber of Commerce"},"image":{"@id":"https:\/\/littlevillagechamber.org\/#\/schema\/logo\/image\/"}},{"@type":"Person","@id":"https:\/\/littlevillagechamber.org\/#\/schema\/person\/3407b6127674b885823e3884d2881334","name":"Juan Carlos","image":{"@type":"ImageObject","inLanguage":"es","@id":"https:\/\/secure.gravatar.com\/avatar\/dbb8bb62a16f84597a78e9714051cf73aa61edd7d20627881ab9e20dcccffd2e?s=96&d=mm&r=g","url":"https:\/\/secure.gravatar.com\/avatar\/dbb8bb62a16f84597a78e9714051cf73aa61edd7d20627881ab9e20dcccffd2e?s=96&d=mm&r=g","contentUrl":"https:\/\/secure.gravatar.com\/avatar\/dbb8bb62a16f84597a78e9714051cf73aa61edd7d20627881ab9e20dcccffd2e?s=96&d=mm&r=g","caption":"Juan Carlos"},"url":"https:\/\/littlevillagechamber.org\/es\/author\/juancarlos\/"}]}},"_links":{"self":[{"href":"https:\/\/littlevillagechamber.org\/es\/wp-json\/wp\/v2\/posts\/31118","targetHints":{"allow":["GET"]}}],"collection":[{"href":"https:\/\/littlevillagechamber.org\/es\/wp-json\/wp\/v2\/posts"}],"about":[{"href":"https:\/\/littlevillagechamber.org\/es\/wp-json\/wp\/v2\/types\/post"}],"author":[{"embeddable":true,"href":"https:\/\/littlevillagechamber.org\/es\/wp-json\/wp\/v2\/users\/213"}],"replies":[{"embeddable":true,"href":"https:\/\/littlevillagechamber.org\/es\/wp-json\/wp\/v2\/comments?post=31118"}],"version-history":[{"count":2,"href":"https:\/\/littlevillagechamber.org\/es\/wp-json\/wp\/v2\/posts\/31118\/revisions"}],"predecessor-version":[{"id":31121,"href":"https:\/\/littlevillagechamber.org\/es\/wp-json\/wp\/v2\/posts\/31118\/revisions\/31121"}],"wp:featuredmedia":[{"embeddable":true,"href":"https:\/\/littlevillagechamber.org\/es\/wp-json\/wp\/v2\/media\/31119"}],"wp:attachment":[{"href":"https:\/\/littlevillagechamber.org\/es\/wp-json\/wp\/v2\/media?parent=31118"}],"wp:term":[{"taxonomy":"category","embeddable":true,"href":"https:\/\/littlevillagechamber.org\/es\/wp-json\/wp\/v2\/categories?post=31118"},{"taxonomy":"post_tag","embeddable":true,"href":"https:\/\/littlevillagechamber.org\/es\/wp-json\/wp\/v2\/tags?post=31118"}],"curies":[{"name":"wp","href":"https:\/\/api.w.org\/{rel}","templated":true}]}}