{"id":30356,"date":"2025-05-15T12:56:02","date_gmt":"2025-05-15T17:56:02","guid":{"rendered":"https:\/\/littlevillagechamber.org\/?p=30356"},"modified":"2025-05-15T12:56:30","modified_gmt":"2025-05-15T17:56:30","slug":"desfile-de-la-independencia-de-mexico-en-la-villita-sigue-en-marcha","status":"publish","type":"post","link":"https:\/\/littlevillagechamber.org\/es\/desfile-de-la-independencia-de-mexico-en-la-villita-sigue-en-marcha\/","title":{"rendered":"Desfile de la Independencia de M\u00e9xico en La Villita sigue en marcha"},"content":{"rendered":"<p data-t=\"{&quot;n&quot;:&quot;blueLinks&quot;,&quot;t&quot;:13,&quot;a&quot;:&quot;click&quot;,&quot;b&quot;:76}\">La C\u00e1mara de Comercio de La Villita reiter\u00f3 su compromiso en que llevar\u00e1 a cabo el 54.\u00ba Desfile Anual del D\u00eda de la Independencia de M\u00e9xico de 2025, programado para el domingo 14 de septiembre de 2025.<\/p>\n<p data-t=\"{&quot;n&quot;:&quot;blueLinks&quot;,&quot;t&quot;:13,&quot;a&quot;:&quot;click&quot;,&quot;b&quot;:76}\">\u201cA pesar de la reciente ola de cancelaciones de festivales y las crecientes tensiones pol\u00edticas que afectan a la comunidad, la C\u00e1mara de Comercio de La Villita se mantiene unida en la misi\u00f3n de celebrar y honrar el rico patrimonio cultural de nuestra comunidad en La Villita, Chicago y m\u00e1s all\u00e1\u201d, sostuvo la C\u00e1mara de Comercio de La Villita en un comunicado.<\/p>\n<p class=\"continue-read-break\" data-t=\"{&quot;n&quot;:&quot;blueLinks&quot;,&quot;t&quot;:13,&quot;a&quot;:&quot;click&quot;,&quot;b&quot;:76}\">El tema del desfile,\u00a0<strong><a href=\"https:\/\/www.telemundochicago.com\/noticias\/local\/anuncian-fecha-y-lema-del-desfile-de-la-independencia-de-mexico-en-la-villita\/2527249\/\" target=\"_blank\" rel=\"noreferrer noopener\" data-t=\"{&quot;n&quot;:&quot;destination&quot;,&quot;t&quot;:13,&quot;a&quot;:&quot;click&quot;,&quot;b&quot;:1,&quot;c.t&quot;:7}\">que fue anunciado en febrero<\/a><\/strong>, es \u201cOrgullo y Poder: Nuestra Fuerza, Nuestro Legado\u201d, y de acuerdo con la C\u00e1mara de Comercio, honrar\u00e1 la resiliencia, las contribuciones y la riqueza cultural la comunidad.<\/p>\n<p><a href=\"https:\/\/www.msn.com\/es-us\/noticias\/Chicago\/desfile-de-la-independencia-de-m%C3%A9xico-en-la-villita-sigue-en-marcha\/ar-AA1EEhig\">https:\/\/www.msn.com\/es-us\/noticias\/Chicago\/desfile-de-la-independencia-de-m%C3%A9xico-en-la-villita-sigue-en-marcha\/ar-AA1EEhig<\/a><\/p>","protected":false},"excerpt":{"rendered":"<p>La C\u00e1mara de Comercio de La Villita reiter\u00f3 su compromiso en que llevar\u00e1 a cabo el 54.\u00ba Desfile Anual del D\u00eda de la Independencia de M\u00e9xico de 2025, programado para el domingo 14 de septiembre de 2025. \u201cA pesar de la reciente ola de cancelaciones de festivales y las crecientes tensiones pol\u00edticas que afectan a [&hellip;]<\/p>\n","protected":false},"author":213,"featured_media":30357,"comment_status":"closed","ping_status":"open","sticky":false,"template":"","format":"standard","meta":{"site-sidebar-layout":"default","site-content-layout":"","ast-site-content-layout":"default","site-content-style":"default","site-sidebar-style":"default","ast-global-header-display":"","ast-banner-title-visibility":"","ast-main-header-display":"","ast-hfb-above-header-display":"","ast-hfb-below-header-display":"","ast-hfb-mobile-header-display":"","site-post-title":"","ast-breadcrumbs-content":"","ast-featured-img":"","footer-sml-layout":"","ast-disable-related-posts":"","theme-transparent-header-meta":"default","adv-header-id-meta":"","stick-header-meta":"default","header-above-stick-meta":"","header-main-stick-meta":"","header-below-stick-meta":"","astra-migrate-meta-layouts":"set","ast-page-background-enabled":"default","ast-page-background-meta":{"desktop":{"background-color":"","background-image":"","background-repeat":"repeat","background-position":"center center","background-size":"auto","background-attachment":"scroll","background-type":"","background-media":"","overlay-type":"","overlay-color":"","overlay-opacity":"","overlay-gradient":""},"tablet":{"background-color":"","background-image":"","background-repeat":"repeat","background-position":"center center","background-size":"auto","background-attachment":"scroll","background-type":"","background-media":"","overlay-type":"","overlay-color":"","overlay-opacity":"","overlay-gradient":""},"mobile":{"background-color":"","background-image":"","background-repeat":"repeat","background-position":"center center","background-size":"auto","background-attachment":"scroll","background-type":"","background-media":"","overlay-type":"","overlay-color":"","overlay-opacity":"","overlay-gradient":""}},"ast-content-background-meta":{"desktop":{"background-color":"var(--ast-global-color-5)","background-image":"","background-repeat":"repeat","background-position":"center center","background-size":"auto","background-attachment":"scroll","background-type":"","background-media":"","overlay-type":"","overlay-color":"","overlay-opacity":"","overlay-gradient":""},"tablet":{"background-color":"var(--ast-global-color-5)","background-image":"","background-repeat":"repeat","background-position":"center center","background-size":"auto","background-attachment":"scroll","background-type":"","background-media":"","overlay-type":"","overlay-color":"","overlay-opacity":"","overlay-gradient":""},"mobile":{"background-color":"var(--ast-global-color-5)","background-image":"","background-repeat":"repeat","background-position":"center center","background-size":"auto","background-attachment":"scroll","background-type":"","background-media":"","overlay-type":"","overlay-color":"","overlay-opacity":"","overlay-gradient":""}},"footnotes":""},"categories":[15],"tags":[],"class_list":["post-30356","post","type-post","status-publish","format-standard","has-post-thumbnail","hentry","category-news-articles"],"yoast_head":"<!-- This site is optimized with the Yoast SEO plugin v27.5 - https:\/\/yoast.com\/product\/yoast-seo-wordpress\/ -->\n<title>Desfile de la Independencia de M\u00e9xico en La Villita sigue en marcha - Little Village Chamber of Commerce<\/title>\n<meta name=\"robots\" content=\"index, follow, max-snippet:-1, max-image-preview:large, max-video-preview:-1\" \/>\n<link rel=\"canonical\" href=\"https:\/\/littlevillagechamber.org\/es\/desfile-de-la-independencia-de-mexico-en-la-villita-sigue-en-marcha\/\" \/>\n<meta property=\"og:locale\" content=\"es_MX\" \/>\n<meta property=\"og:type\" content=\"article\" \/>\n<meta property=\"og:title\" content=\"Desfile de la Independencia de M\u00e9xico en La Villita sigue en marcha - Little Village Chamber of Commerce\" \/>\n<meta property=\"og:description\" content=\"La C\u00e1mara de Comercio de La Villita reiter\u00f3 su compromiso en que llevar\u00e1 a cabo el 54.\u00ba Desfile Anual del D\u00eda de la Independencia de M\u00e9xico de 2025, programado para el domingo 14 de septiembre de 2025. \u201cA pesar de la reciente ola de cancelaciones de festivales y las crecientes tensiones pol\u00edticas que afectan a [&hellip;]\" \/>\n<meta property=\"og:url\" content=\"https:\/\/littlevillagechamber.org\/es\/desfile-de-la-independencia-de-mexico-en-la-villita-sigue-en-marcha\/\" \/>\n<meta property=\"og:site_name\" content=\"Little Village Chamber of Commerce\" \/>\n<meta property=\"article:published_time\" content=\"2025-05-15T17:56:02+00:00\" \/>\n<meta property=\"article:modified_time\" content=\"2025-05-15T17:56:30+00:00\" \/>\n<meta property=\"og:image\" content=\"https:\/\/littlevillagechamber.org\/wp-content\/uploads\/AA1EElJo.jpeg\" \/>\n\t<meta property=\"og:image:width\" content=\"534\" \/>\n\t<meta property=\"og:image:height\" content=\"300\" \/>\n\t<meta property=\"og:image:type\" content=\"image\/jpeg\" \/>\n<meta name=\"author\" content=\"Juan Carlos\" \/>\n<meta name=\"twitter:card\" content=\"summary_large_image\" \/>\n<meta name=\"twitter:label1\" content=\"Escrito por\" \/>\n\t<meta name=\"twitter:data1\" content=\"Juan Carlos\" \/>\n\t<meta name=\"twitter:label2\" content=\"Tiempo de lectura\" \/>\n\t<meta name=\"twitter:data2\" content=\"1 minuto\" \/>\n<script type=\"application\/ld+json\" class=\"yoast-schema-graph\">{\"@context\":\"https:\\\/\\\/schema.org\",\"@graph\":[{\"@type\":\"Article\",\"@id\":\"https:\\\/\\\/littlevillagechamber.org\\\/desfile-de-la-independencia-de-mexico-en-la-villita-sigue-en-marcha\\\/#article\",\"isPartOf\":{\"@id\":\"https:\\\/\\\/littlevillagechamber.org\\\/desfile-de-la-independencia-de-mexico-en-la-villita-sigue-en-marcha\\\/\"},\"author\":{\"name\":\"Juan Carlos\",\"@id\":\"https:\\\/\\\/littlevillagechamber.org\\\/#\\\/schema\\\/person\\\/3407b6127674b885823e3884d2881334\"},\"headline\":\"Desfile de la Independencia de M\u00e9xico en La Villita sigue en marcha\",\"datePublished\":\"2025-05-15T17:56:02+00:00\",\"dateModified\":\"2025-05-15T17:56:30+00:00\",\"mainEntityOfPage\":{\"@id\":\"https:\\\/\\\/littlevillagechamber.org\\\/desfile-de-la-independencia-de-mexico-en-la-villita-sigue-en-marcha\\\/\"},\"wordCount\":166,\"publisher\":{\"@id\":\"https:\\\/\\\/littlevillagechamber.org\\\/#organization\"},\"image\":{\"@id\":\"https:\\\/\\\/littlevillagechamber.org\\\/desfile-de-la-independencia-de-mexico-en-la-villita-sigue-en-marcha\\\/#primaryimage\"},\"thumbnailUrl\":\"https:\\\/\\\/littlevillagechamber.org\\\/wp-content\\\/uploads\\\/AA1EElJo.jpeg\",\"articleSection\":[\"News Articles\"],\"inLanguage\":\"es\"},{\"@type\":\"WebPage\",\"@id\":\"https:\\\/\\\/littlevillagechamber.org\\\/desfile-de-la-independencia-de-mexico-en-la-villita-sigue-en-marcha\\\/\",\"url\":\"https:\\\/\\\/littlevillagechamber.org\\\/desfile-de-la-independencia-de-mexico-en-la-villita-sigue-en-marcha\\\/\",\"name\":\"Desfile de la Independencia de M\u00e9xico en La Villita sigue en marcha - Little Village Chamber of Commerce\",\"isPartOf\":{\"@id\":\"https:\\\/\\\/littlevillagechamber.org\\\/#website\"},\"primaryImageOfPage\":{\"@id\":\"https:\\\/\\\/littlevillagechamber.org\\\/desfile-de-la-independencia-de-mexico-en-la-villita-sigue-en-marcha\\\/#primaryimage\"},\"image\":{\"@id\":\"https:\\\/\\\/littlevillagechamber.org\\\/desfile-de-la-independencia-de-mexico-en-la-villita-sigue-en-marcha\\\/#primaryimage\"},\"thumbnailUrl\":\"https:\\\/\\\/littlevillagechamber.org\\\/wp-content\\\/uploads\\\/AA1EElJo.jpeg\",\"datePublished\":\"2025-05-15T17:56:02+00:00\",\"dateModified\":\"2025-05-15T17:56:30+00:00\",\"breadcrumb\":{\"@id\":\"https:\\\/\\\/littlevillagechamber.org\\\/desfile-de-la-independencia-de-mexico-en-la-villita-sigue-en-marcha\\\/#breadcrumb\"},\"inLanguage\":\"es\",\"potentialAction\":[{\"@type\":\"ReadAction\",\"target\":[\"https:\\\/\\\/littlevillagechamber.org\\\/desfile-de-la-independencia-de-mexico-en-la-villita-sigue-en-marcha\\\/\"]}]},{\"@type\":\"ImageObject\",\"inLanguage\":\"es\",\"@id\":\"https:\\\/\\\/littlevillagechamber.org\\\/desfile-de-la-independencia-de-mexico-en-la-villita-sigue-en-marcha\\\/#primaryimage\",\"url\":\"https:\\\/\\\/littlevillagechamber.org\\\/wp-content\\\/uploads\\\/AA1EElJo.jpeg\",\"contentUrl\":\"https:\\\/\\\/littlevillagechamber.org\\\/wp-content\\\/uploads\\\/AA1EElJo.jpeg\",\"width\":534,\"height\":300},{\"@type\":\"BreadcrumbList\",\"@id\":\"https:\\\/\\\/littlevillagechamber.org\\\/desfile-de-la-independencia-de-mexico-en-la-villita-sigue-en-marcha\\\/#breadcrumb\",\"itemListElement\":[{\"@type\":\"ListItem\",\"position\":1,\"name\":\"Home\",\"item\":\"https:\\\/\\\/littlevillagechamber.org\\\/\"},{\"@type\":\"ListItem\",\"position\":2,\"name\":\"Desfile de la Independencia de M\u00e9xico en La Villita sigue en marcha\"}]},{\"@type\":\"WebSite\",\"@id\":\"https:\\\/\\\/littlevillagechamber.org\\\/#website\",\"url\":\"https:\\\/\\\/littlevillagechamber.org\\\/\",\"name\":\"Little Village Chamber of Commerce\",\"description\":\"Tu Mexico, Tu Chicago!\",\"publisher\":{\"@id\":\"https:\\\/\\\/littlevillagechamber.org\\\/#organization\"},\"potentialAction\":[{\"@type\":\"SearchAction\",\"target\":{\"@type\":\"EntryPoint\",\"urlTemplate\":\"https:\\\/\\\/littlevillagechamber.org\\\/?s={search_term_string}\"},\"query-input\":{\"@type\":\"PropertyValueSpecification\",\"valueRequired\":true,\"valueName\":\"search_term_string\"}}],\"inLanguage\":\"es\"},{\"@type\":\"Organization\",\"@id\":\"https:\\\/\\\/littlevillagechamber.org\\\/#organization\",\"name\":\"Little Village Chamber of Commerce\",\"url\":\"https:\\\/\\\/littlevillagechamber.org\\\/\",\"logo\":{\"@type\":\"ImageObject\",\"inLanguage\":\"es\",\"@id\":\"https:\\\/\\\/littlevillagechamber.org\\\/#\\\/schema\\\/logo\\\/image\\\/\",\"url\":\"https:\\\/\\\/littlevillagechamber.org\\\/wp-content\\\/uploads\\\/LVCC.png\",\"contentUrl\":\"https:\\\/\\\/littlevillagechamber.org\\\/wp-content\\\/uploads\\\/LVCC.png\",\"width\":300,\"height\":257,\"caption\":\"Little Village Chamber of Commerce\"},\"image\":{\"@id\":\"https:\\\/\\\/littlevillagechamber.org\\\/#\\\/schema\\\/logo\\\/image\\\/\"}},{\"@type\":\"Person\",\"@id\":\"https:\\\/\\\/littlevillagechamber.org\\\/#\\\/schema\\\/person\\\/3407b6127674b885823e3884d2881334\",\"name\":\"Juan Carlos\",\"image\":{\"@type\":\"ImageObject\",\"inLanguage\":\"es\",\"@id\":\"https:\\\/\\\/secure.gravatar.com\\\/avatar\\\/dbb8bb62a16f84597a78e9714051cf73aa61edd7d20627881ab9e20dcccffd2e?s=96&d=mm&r=g\",\"url\":\"https:\\\/\\\/secure.gravatar.com\\\/avatar\\\/dbb8bb62a16f84597a78e9714051cf73aa61edd7d20627881ab9e20dcccffd2e?s=96&d=mm&r=g\",\"contentUrl\":\"https:\\\/\\\/secure.gravatar.com\\\/avatar\\\/dbb8bb62a16f84597a78e9714051cf73aa61edd7d20627881ab9e20dcccffd2e?s=96&d=mm&r=g\",\"caption\":\"Juan Carlos\"},\"url\":\"https:\\\/\\\/littlevillagechamber.org\\\/es\\\/author\\\/juancarlos\\\/\"}]}<\/script>\n<!-- \/ Yoast SEO plugin. -->","yoast_head_json":{"title":"Desfile de la Independencia de M\u00e9xico en La Villita sigue en marcha - Little Village Chamber of Commerce","robots":{"index":"index","follow":"follow","max-snippet":"max-snippet:-1","max-image-preview":"max-image-preview:large","max-video-preview":"max-video-preview:-1"},"canonical":"https:\/\/littlevillagechamber.org\/es\/desfile-de-la-independencia-de-mexico-en-la-villita-sigue-en-marcha\/","og_locale":"es_MX","og_type":"article","og_title":"Desfile de la Independencia de M\u00e9xico en La Villita sigue en marcha - Little Village Chamber of Commerce","og_description":"La C\u00e1mara de Comercio de La Villita reiter\u00f3 su compromiso en que llevar\u00e1 a cabo el 54.\u00ba Desfile Anual del D\u00eda de la Independencia de M\u00e9xico de 2025, programado para el domingo 14 de septiembre de 2025. \u201cA pesar de la reciente ola de cancelaciones de festivales y las crecientes tensiones pol\u00edticas que afectan a [&hellip;]","og_url":"https:\/\/littlevillagechamber.org\/es\/desfile-de-la-independencia-de-mexico-en-la-villita-sigue-en-marcha\/","og_site_name":"Little Village Chamber of Commerce","article_published_time":"2025-05-15T17:56:02+00:00","article_modified_time":"2025-05-15T17:56:30+00:00","og_image":[{"width":534,"height":300,"url":"https:\/\/littlevillagechamber.org\/wp-content\/uploads\/AA1EElJo.jpeg","type":"image\/jpeg"}],"author":"Juan Carlos","twitter_card":"summary_large_image","twitter_misc":{"Escrito por":"Juan Carlos","Tiempo de lectura":"1 minuto"},"schema":{"@context":"https:\/\/schema.org","@graph":[{"@type":"Article","@id":"https:\/\/littlevillagechamber.org\/desfile-de-la-independencia-de-mexico-en-la-villita-sigue-en-marcha\/#article","isPartOf":{"@id":"https:\/\/littlevillagechamber.org\/desfile-de-la-independencia-de-mexico-en-la-villita-sigue-en-marcha\/"},"author":{"name":"Juan Carlos","@id":"https:\/\/littlevillagechamber.org\/#\/schema\/person\/3407b6127674b885823e3884d2881334"},"headline":"Desfile de la Independencia de M\u00e9xico en La Villita sigue en marcha","datePublished":"2025-05-15T17:56:02+00:00","dateModified":"2025-05-15T17:56:30+00:00","mainEntityOfPage":{"@id":"https:\/\/littlevillagechamber.org\/desfile-de-la-independencia-de-mexico-en-la-villita-sigue-en-marcha\/"},"wordCount":166,"publisher":{"@id":"https:\/\/littlevillagechamber.org\/#organization"},"image":{"@id":"https:\/\/littlevillagechamber.org\/desfile-de-la-independencia-de-mexico-en-la-villita-sigue-en-marcha\/#primaryimage"},"thumbnailUrl":"https:\/\/littlevillagechamber.org\/wp-content\/uploads\/AA1EElJo.jpeg","articleSection":["News Articles"],"inLanguage":"es"},{"@type":"WebPage","@id":"https:\/\/littlevillagechamber.org\/desfile-de-la-independencia-de-mexico-en-la-villita-sigue-en-marcha\/","url":"https:\/\/littlevillagechamber.org\/desfile-de-la-independencia-de-mexico-en-la-villita-sigue-en-marcha\/","name":"Desfile de la Independencia de M\u00e9xico en La Villita sigue en marcha - Little Village Chamber of Commerce","isPartOf":{"@id":"https:\/\/littlevillagechamber.org\/#website"},"primaryImageOfPage":{"@id":"https:\/\/littlevillagechamber.org\/desfile-de-la-independencia-de-mexico-en-la-villita-sigue-en-marcha\/#primaryimage"},"image":{"@id":"https:\/\/littlevillagechamber.org\/desfile-de-la-independencia-de-mexico-en-la-villita-sigue-en-marcha\/#primaryimage"},"thumbnailUrl":"https:\/\/littlevillagechamber.org\/wp-content\/uploads\/AA1EElJo.jpeg","datePublished":"2025-05-15T17:56:02+00:00","dateModified":"2025-05-15T17:56:30+00:00","breadcrumb":{"@id":"https:\/\/littlevillagechamber.org\/desfile-de-la-independencia-de-mexico-en-la-villita-sigue-en-marcha\/#breadcrumb"},"inLanguage":"es","potentialAction":[{"@type":"ReadAction","target":["https:\/\/littlevillagechamber.org\/desfile-de-la-independencia-de-mexico-en-la-villita-sigue-en-marcha\/"]}]},{"@type":"ImageObject","inLanguage":"es","@id":"https:\/\/littlevillagechamber.org\/desfile-de-la-independencia-de-mexico-en-la-villita-sigue-en-marcha\/#primaryimage","url":"https:\/\/littlevillagechamber.org\/wp-content\/uploads\/AA1EElJo.jpeg","contentUrl":"https:\/\/littlevillagechamber.org\/wp-content\/uploads\/AA1EElJo.jpeg","width":534,"height":300},{"@type":"BreadcrumbList","@id":"https:\/\/littlevillagechamber.org\/desfile-de-la-independencia-de-mexico-en-la-villita-sigue-en-marcha\/#breadcrumb","itemListElement":[{"@type":"ListItem","position":1,"name":"Home","item":"https:\/\/littlevillagechamber.org\/"},{"@type":"ListItem","position":2,"name":"Desfile de la Independencia de M\u00e9xico en La Villita sigue en marcha"}]},{"@type":"WebSite","@id":"https:\/\/littlevillagechamber.org\/#website","url":"https:\/\/littlevillagechamber.org\/","name":"La C\u00e1mara de Comercio de La Villita","description":"Tu M\u00e9xico, Tu Chicago!","publisher":{"@id":"https:\/\/littlevillagechamber.org\/#organization"},"potentialAction":[{"@type":"SearchAction","target":{"@type":"EntryPoint","urlTemplate":"https:\/\/littlevillagechamber.org\/?s={search_term_string}"},"query-input":{"@type":"PropertyValueSpecification","valueRequired":true,"valueName":"search_term_string"}}],"inLanguage":"es"},{"@type":"Organization","@id":"https:\/\/littlevillagechamber.org\/#organization","name":"La C\u00e1mara de Comercio de La Villita","url":"https:\/\/littlevillagechamber.org\/","logo":{"@type":"ImageObject","inLanguage":"es","@id":"https:\/\/littlevillagechamber.org\/#\/schema\/logo\/image\/","url":"https:\/\/littlevillagechamber.org\/wp-content\/uploads\/LVCC.png","contentUrl":"https:\/\/littlevillagechamber.org\/wp-content\/uploads\/LVCC.png","width":300,"height":257,"caption":"Little Village Chamber of Commerce"},"image":{"@id":"https:\/\/littlevillagechamber.org\/#\/schema\/logo\/image\/"}},{"@type":"Person","@id":"https:\/\/littlevillagechamber.org\/#\/schema\/person\/3407b6127674b885823e3884d2881334","name":"Juan Carlos","image":{"@type":"ImageObject","inLanguage":"es","@id":"https:\/\/secure.gravatar.com\/avatar\/dbb8bb62a16f84597a78e9714051cf73aa61edd7d20627881ab9e20dcccffd2e?s=96&d=mm&r=g","url":"https:\/\/secure.gravatar.com\/avatar\/dbb8bb62a16f84597a78e9714051cf73aa61edd7d20627881ab9e20dcccffd2e?s=96&d=mm&r=g","contentUrl":"https:\/\/secure.gravatar.com\/avatar\/dbb8bb62a16f84597a78e9714051cf73aa61edd7d20627881ab9e20dcccffd2e?s=96&d=mm&r=g","caption":"Juan Carlos"},"url":"https:\/\/littlevillagechamber.org\/es\/author\/juancarlos\/"}]}},"_links":{"self":[{"href":"https:\/\/littlevillagechamber.org\/es\/wp-json\/wp\/v2\/posts\/30356","targetHints":{"allow":["GET"]}}],"collection":[{"href":"https:\/\/littlevillagechamber.org\/es\/wp-json\/wp\/v2\/posts"}],"about":[{"href":"https:\/\/littlevillagechamber.org\/es\/wp-json\/wp\/v2\/types\/post"}],"author":[{"embeddable":true,"href":"https:\/\/littlevillagechamber.org\/es\/wp-json\/wp\/v2\/users\/213"}],"replies":[{"embeddable":true,"href":"https:\/\/littlevillagechamber.org\/es\/wp-json\/wp\/v2\/comments?post=30356"}],"version-history":[{"count":1,"href":"https:\/\/littlevillagechamber.org\/es\/wp-json\/wp\/v2\/posts\/30356\/revisions"}],"predecessor-version":[{"id":30358,"href":"https:\/\/littlevillagechamber.org\/es\/wp-json\/wp\/v2\/posts\/30356\/revisions\/30358"}],"wp:featuredmedia":[{"embeddable":true,"href":"https:\/\/littlevillagechamber.org\/es\/wp-json\/wp\/v2\/media\/30357"}],"wp:attachment":[{"href":"https:\/\/littlevillagechamber.org\/es\/wp-json\/wp\/v2\/media?parent=30356"}],"wp:term":[{"taxonomy":"category","embeddable":true,"href":"https:\/\/littlevillagechamber.org\/es\/wp-json\/wp\/v2\/categories?post=30356"},{"taxonomy":"post_tag","embeddable":true,"href":"https:\/\/littlevillagechamber.org\/es\/wp-json\/wp\/v2\/tags?post=30356"}],"curies":[{"name":"wp","href":"https:\/\/api.w.org\/{rel}","templated":true}]}}