{"id":26978,"date":"2022-09-01T13:10:37","date_gmt":"2022-09-01T18:10:37","guid":{"rendered":"https:\/\/littlevillagechamber.org\/?p=26978"},"modified":"2023-04-05T22:32:34","modified_gmt":"2023-04-06T03:32:34","slug":"the-little-village-chamber-of-commerce-announces-details-for-the-2022-mexican-independence-day-parade","status":"publish","type":"post","link":"https:\/\/littlevillagechamber.org\/es\/the-little-village-chamber-of-commerce-announces-details-for-the-2022-mexican-independence-day-parade\/","title":{"rendered":"The Little Village Chamber of Commerce Announces Details for the 2022 Mexican Independence Day Parade"},"content":{"rendered":"<p><img loading=\"lazy\" decoding=\"async\" class=\"wp-image-26975 alignleft\" title=\"26TH ST PARADE MARSHALS SocialMedia 2022 PARADE MARSHAL\" src=\"https:\/\/littlevillagechamber.org\/wp-content\/uploads\/26TH-ST-PARADE-MARSHALS-SocialMedia_2022-PARADE-MARSHAL-300x262.jpg\" alt=\"26TH ST PARADE MARSHALS SocialMedia 2022 PARADE MARSHAL\" width=\"397\" height=\"347\" srcset=\"https:\/\/littlevillagechamber.org\/wp-content\/uploads\/26TH-ST-PARADE-MARSHALS-SocialMedia_2022-PARADE-MARSHAL-300x262.jpg 300w, https:\/\/littlevillagechamber.org\/wp-content\/uploads\/26TH-ST-PARADE-MARSHALS-SocialMedia_2022-PARADE-MARSHAL-1024x895.jpg 1024w, https:\/\/littlevillagechamber.org\/wp-content\/uploads\/26TH-ST-PARADE-MARSHALS-SocialMedia_2022-PARADE-MARSHAL-768x671.jpg 768w, https:\/\/littlevillagechamber.org\/wp-content\/uploads\/26TH-ST-PARADE-MARSHALS-SocialMedia_2022-PARADE-MARSHAL-1536x1343.jpg 1536w, https:\/\/littlevillagechamber.org\/wp-content\/uploads\/26TH-ST-PARADE-MARSHALS-SocialMedia_2022-PARADE-MARSHAL-2048x1790.jpg 2048w, https:\/\/littlevillagechamber.org\/wp-content\/uploads\/26TH-ST-PARADE-MARSHALS-SocialMedia_2022-PARADE-MARSHAL-14x12.jpg 14w, https:\/\/littlevillagechamber.org\/wp-content\/uploads\/26TH-ST-PARADE-MARSHALS-SocialMedia_2022-PARADE-MARSHAL-500x437.jpg 500w, https:\/\/littlevillagechamber.org\/wp-content\/uploads\/26TH-ST-PARADE-MARSHALS-SocialMedia_2022-PARADE-MARSHAL-scaled.jpg 1373w\" sizes=\"auto, (max-width: 397px) 100vw, 397px\" \/><em>The Parade will Kick-off at Noon from the Historic Little Village Arch and Proceed down 26th Street to Kostner Avenue and will air on ABC7Chicago; Parade Grand Marshal and Community Grand Marshals Named; Parade Theme, \u201c<strong>Nuestra Unidad es Nuestra Fortaleza<\/strong>,\u201d or \u201c<strong>Our Unity is Our Strength.<\/strong>\u201d<\/em><\/p>\n<p class=\"p1\">(CHICAGO) &#8211; The Little Village Chamber of Commerce announces details for the Mexican Independence Day Parade which is scheduled to take place at noon on <strong>Sunday, September 11, 2022<\/strong>. The parade will kick-off from the historic Little Village Arch located on 26th street and Albany Avenue and proceed down 26th street to Kostner Avenue. This year\u2019s Parade Grand Marshal will be Mexican Telenovela Star Claudia Mart\u00edn and the Parade will honor three community leaders as Community Parade Marshals for their selfless contributions and service to the Little Village community during the pandemic exemplifying this year\u2019s parade theme, \u201c<strong>Nuestra Unidad es Nuestra Fortaleza<\/strong>,\u201d or \u201c<strong>Our Unity is Our Strength<\/strong>,\u201d which serves as a reminder that our culture, resilience, and unity as a community hold strong. The Parade will be televised and will air on ABC7 Chicago at 11 p.m. on Sunday, September 11, 2022.<\/p>\n<p class=\"p1\"><strong>The 2022 Little Village Chamber of Commerce Parade Grand Marshal:<\/strong><\/p>\n<p class=\"p1\"><strong>Claudia Mart\u00edn,<\/strong> is an actress with a leading role in the new telenovela, &#8220;Los ricos tambi\u00e9n lloran,&#8221; produced by Carlos Bardasano for TelevisaUnivision premiering on September 6th.<\/p>\n<p class=\"p1\"><strong>The 2022 Little Village Chamber of Commerce Community Parade Marshals:<\/strong><\/p>\n<p class=\"p1\"><strong>Laura Gutierrez<\/strong>, Owner, Nuevo Leon Restaurant for providing free meals to first responders and residents and retaining all staff throughout the pandemic.<\/p>\n<p class=\"p1\"><strong>Matt DeMateo<\/strong>, Executive Director, New Life Centers for running a free food pantry feeding thousands of residents, giving away boxes of food and opening the new Pan de Vida Fresh Market in Little Village.<\/p>\n<p class=\"p1\"><strong>Michael Rodriguez<\/strong>, Alderman, 22nd ward for closely coordinating COVID-19 efforts with multiple community organizations, bringing test sites and vaccinations sites to the Little Village community.<\/p>\n<p class=\"p1\">\u201c We are looking forward to celebrating our culture while recognizing individuals who represent our community from the small screen to community members making a positive impact in Little Village,\u201d said Manuel Martinez, President, Little Village Chamber of Commerce. \u201cSafety, like every year, remains our highest priority and we plan to deliver a safe and fun parade for our residents and visitors to enjoy. We invite everyone to stay and visit the many shops and restaurants along the 26th street corridor following the parade to experience all our community has to offer.\u201d<\/p>\n<p class=\"p1\">The 26th Street Mexican Independence Day Parade is considered one of the largest parades in the midwest and brings together over 400,000 participants, residents, and visitors along the two-and half-mile business corridor. The parade features brightly colored floats, mariachi bands, and folkloric dancing. The parade is attended and enjoyed by residents, elected officials, community leaders, local businesses, entertainers, artisans, and artists. There is still time to participate in this year\u2019s Little Village Chamber of Commerce Mexican Independence Day Parade please visit www.littlevillagechamber.org or f<span class=\"s1\">or sponsorship opportunities please contact <\/span>Sarai Guerrero at <a href=\"mailto:sarai@littlevillagechamber.org\"><span class=\"s2\">sarai@littlevillagechamber.org <\/span><\/a>or at (773) 521-5387.<\/p>\n<p class=\"p1\">###<\/p>\n<p class=\"p2\"><strong>More on Claudia Martin<\/strong><\/p>\n<p class=\"p2\">Martin was born and raised in Oaxaca de Ju\u00e1rez, Mexico. She showed interest in acting and performing from a young age. Claudia earned a degree in Audiovisual Communication from Charles III University of Madrid. She lived in Madrid for four years and briefly lived in England where she studied English. After graduating, she returned to Mexico. Upon returning to Mexico City, she worked at Televisa, as a costume designer for its various productions. After a year, she quit her job and began auditioning at castings for Televisa which eventually led to her first acting roles. Claudia Martin&#8217;s latest role as Mariana Villarreal in Los Ricos Tambi\u00e9n Lloran. Mart\u00edn is also known for her roles in Amar a muerte (2018), Enamor\u00e1ndome de Ram\u00f3n (2017) and Cuando florezca el cerezo (2018).<\/p>\n<p class=\"p2\">La C\u00e1mara de Comercio de La Villita<\/p>\n<p class=\"p3\">The Little Village Chamber of Commerce is a membership organization that has represented the interests of local businesses for more than 30 years. Its mission is to promote and support the growth and success of businesses in Little Village and to leverage the community\u2019s unique cultural identity to generate new opportunities. The Chamber works closely with business and community leaders; government agencies; law enforcement; corporate partners; elected officials and others to address the issues that affect the community and the commercial area. For more <span class=\"s1\">information, visit <\/span><a href=\"https:\/\/littlevillagechamber.org\/es\/\">www.littlevillagechamber.org<\/a><\/p>","protected":false},"excerpt":{"rendered":"<p>The Parade will Kick-off at Noon from the Historic Little Village Arch and Proceed down 26th Street to Kostner Avenue and will air on ABC7Chicago; Parade Grand Marshal and Community Grand Marshals Named; Parade Theme, \u201cNuestra Unidad es Nuestra Fortaleza,\u201d or \u201cOur Unity is Our Strength.\u201d (CHICAGO) &#8211; The Little Village Chamber of Commerce announces [&hellip;]<\/p>\n","protected":false},"author":93,"featured_media":26976,"comment_status":"closed","ping_status":"open","sticky":false,"template":"","format":"standard","meta":{"site-sidebar-layout":"default","site-content-layout":"default","ast-site-content-layout":"default","site-content-style":"default","site-sidebar-style":"default","ast-global-header-display":"","ast-banner-title-visibility":"","ast-main-header-display":"","ast-hfb-above-header-display":"","ast-hfb-below-header-display":"","ast-hfb-mobile-header-display":"","site-post-title":"","ast-breadcrumbs-content":"","ast-featured-img":"","footer-sml-layout":"","ast-disable-related-posts":"","theme-transparent-header-meta":"default","adv-header-id-meta":"","stick-header-meta":"default","header-above-stick-meta":"","header-main-stick-meta":"","header-below-stick-meta":"","astra-migrate-meta-layouts":"default","ast-page-background-enabled":"default","ast-page-background-meta":{"desktop":{"background-color":"","background-image":"","background-repeat":"repeat","background-position":"center center","background-size":"auto","background-attachment":"scroll","background-type":"","background-media":"","overlay-type":"","overlay-color":"","overlay-opacity":"","overlay-gradient":""},"tablet":{"background-color":"","background-image":"","background-repeat":"repeat","background-position":"center center","background-size":"auto","background-attachment":"scroll","background-type":"","background-media":"","overlay-type":"","overlay-color":"","overlay-opacity":"","overlay-gradient":""},"mobile":{"background-color":"","background-image":"","background-repeat":"repeat","background-position":"center center","background-size":"auto","background-attachment":"scroll","background-type":"","background-media":"","overlay-type":"","overlay-color":"","overlay-opacity":"","overlay-gradient":""}},"ast-content-background-meta":{"desktop":{"background-color":"var(--ast-global-color-5)","background-image":"","background-repeat":"repeat","background-position":"center center","background-size":"auto","background-attachment":"scroll","background-type":"","background-media":"","overlay-type":"","overlay-color":"","overlay-opacity":"","overlay-gradient":""},"tablet":{"background-color":"var(--ast-global-color-5)","background-image":"","background-repeat":"repeat","background-position":"center center","background-size":"auto","background-attachment":"scroll","background-type":"","background-media":"","overlay-type":"","overlay-color":"","overlay-opacity":"","overlay-gradient":""},"mobile":{"background-color":"var(--ast-global-color-5)","background-image":"","background-repeat":"repeat","background-position":"center center","background-size":"auto","background-attachment":"scroll","background-type":"","background-media":"","overlay-type":"","overlay-color":"","overlay-opacity":"","overlay-gradient":""}},"footnotes":""},"categories":[15],"tags":[],"class_list":["post-26978","post","type-post","status-publish","format-standard","has-post-thumbnail","hentry","category-news-articles"],"yoast_head":"<!-- This site is optimized with the Yoast SEO plugin v27.5 - https:\/\/yoast.com\/product\/yoast-seo-wordpress\/ -->\n<title>The Little Village Chamber of Commerce Announces Details for the 2022 Mexican Independence Day Parade - Little Village Chamber of Commerce<\/title>\n<meta name=\"robots\" content=\"index, follow, max-snippet:-1, max-image-preview:large, max-video-preview:-1\" \/>\n<link rel=\"canonical\" href=\"https:\/\/littlevillagechamber.org\/es\/the-little-village-chamber-of-commerce-announces-details-for-the-2022-mexican-independence-day-parade\/\" \/>\n<meta property=\"og:locale\" content=\"es_MX\" \/>\n<meta property=\"og:type\" content=\"article\" \/>\n<meta property=\"og:title\" content=\"The Little Village Chamber of Commerce Announces Details for the 2022 Mexican Independence Day Parade - Little Village Chamber of Commerce\" \/>\n<meta property=\"og:description\" content=\"The Parade will Kick-off at Noon from the Historic Little Village Arch and Proceed down 26th Street to Kostner Avenue and will air on ABC7Chicago; Parade Grand Marshal and Community Grand Marshals Named; Parade Theme, \u201cNuestra Unidad es Nuestra Fortaleza,\u201d or \u201cOur Unity is Our Strength.\u201d (CHICAGO) &#8211; The Little Village Chamber of Commerce announces [&hellip;]\" \/>\n<meta property=\"og:url\" content=\"https:\/\/littlevillagechamber.org\/es\/the-little-village-chamber-of-commerce-announces-details-for-the-2022-mexican-independence-day-parade\/\" \/>\n<meta property=\"og:site_name\" content=\"Little Village Chamber of Commerce\" \/>\n<meta property=\"article:published_time\" content=\"2022-09-01T18:10:37+00:00\" \/>\n<meta property=\"article:modified_time\" content=\"2023-04-06T03:32:34+00:00\" \/>\n<meta property=\"og:image\" content=\"https:\/\/littlevillagechamber.org\/wp-content\/uploads\/26TH-ST-PARADE-MARSHALS-SocialMedia_CLAUDIA-MARTIN-scaled.jpg\" \/>\n\t<meta property=\"og:image:width\" content=\"1373\" \/>\n\t<meta property=\"og:image:height\" content=\"1200\" \/>\n\t<meta property=\"og:image:type\" content=\"image\/jpeg\" \/>\n<meta name=\"author\" content=\"LVCC\" \/>\n<meta name=\"twitter:card\" content=\"summary_large_image\" \/>\n<meta name=\"twitter:label1\" content=\"Escrito por\" \/>\n\t<meta name=\"twitter:data1\" content=\"LVCC\" \/>\n\t<meta name=\"twitter:label2\" content=\"Tiempo de lectura\" \/>\n\t<meta name=\"twitter:data2\" content=\"4 minutos\" \/>\n<script type=\"application\/ld+json\" class=\"yoast-schema-graph\">{\"@context\":\"https:\\\/\\\/schema.org\",\"@graph\":[{\"@type\":\"Article\",\"@id\":\"https:\\\/\\\/littlevillagechamber.org\\\/the-little-village-chamber-of-commerce-announces-details-for-the-2022-mexican-independence-day-parade\\\/#article\",\"isPartOf\":{\"@id\":\"https:\\\/\\\/littlevillagechamber.org\\\/the-little-village-chamber-of-commerce-announces-details-for-the-2022-mexican-independence-day-parade\\\/\"},\"author\":{\"name\":\"LVCC\",\"@id\":\"https:\\\/\\\/littlevillagechamber.org\\\/#\\\/schema\\\/person\\\/4487dc3448b7938e609ea204fdb53e6e\"},\"headline\":\"The Little Village Chamber of Commerce Announces Details for the 2022 Mexican Independence Day Parade\",\"datePublished\":\"2022-09-01T18:10:37+00:00\",\"dateModified\":\"2023-04-06T03:32:34+00:00\",\"mainEntityOfPage\":{\"@id\":\"https:\\\/\\\/littlevillagechamber.org\\\/the-little-village-chamber-of-commerce-announces-details-for-the-2022-mexican-independence-day-parade\\\/\"},\"wordCount\":752,\"publisher\":{\"@id\":\"https:\\\/\\\/littlevillagechamber.org\\\/#organization\"},\"image\":{\"@id\":\"https:\\\/\\\/littlevillagechamber.org\\\/the-little-village-chamber-of-commerce-announces-details-for-the-2022-mexican-independence-day-parade\\\/#primaryimage\"},\"thumbnailUrl\":\"https:\\\/\\\/littlevillagechamber.org\\\/wp-content\\\/uploads\\\/26TH-ST-PARADE-MARSHALS-SocialMedia_CLAUDIA-MARTIN-scaled.jpg\",\"articleSection\":[\"News Articles\"],\"inLanguage\":\"es\"},{\"@type\":\"WebPage\",\"@id\":\"https:\\\/\\\/littlevillagechamber.org\\\/the-little-village-chamber-of-commerce-announces-details-for-the-2022-mexican-independence-day-parade\\\/\",\"url\":\"https:\\\/\\\/littlevillagechamber.org\\\/the-little-village-chamber-of-commerce-announces-details-for-the-2022-mexican-independence-day-parade\\\/\",\"name\":\"The Little Village Chamber of Commerce Announces Details for the 2022 Mexican Independence Day Parade - Little Village Chamber of Commerce\",\"isPartOf\":{\"@id\":\"https:\\\/\\\/littlevillagechamber.org\\\/#website\"},\"primaryImageOfPage\":{\"@id\":\"https:\\\/\\\/littlevillagechamber.org\\\/the-little-village-chamber-of-commerce-announces-details-for-the-2022-mexican-independence-day-parade\\\/#primaryimage\"},\"image\":{\"@id\":\"https:\\\/\\\/littlevillagechamber.org\\\/the-little-village-chamber-of-commerce-announces-details-for-the-2022-mexican-independence-day-parade\\\/#primaryimage\"},\"thumbnailUrl\":\"https:\\\/\\\/littlevillagechamber.org\\\/wp-content\\\/uploads\\\/26TH-ST-PARADE-MARSHALS-SocialMedia_CLAUDIA-MARTIN-scaled.jpg\",\"datePublished\":\"2022-09-01T18:10:37+00:00\",\"dateModified\":\"2023-04-06T03:32:34+00:00\",\"breadcrumb\":{\"@id\":\"https:\\\/\\\/littlevillagechamber.org\\\/the-little-village-chamber-of-commerce-announces-details-for-the-2022-mexican-independence-day-parade\\\/#breadcrumb\"},\"inLanguage\":\"es\",\"potentialAction\":[{\"@type\":\"ReadAction\",\"target\":[\"https:\\\/\\\/littlevillagechamber.org\\\/the-little-village-chamber-of-commerce-announces-details-for-the-2022-mexican-independence-day-parade\\\/\"]}]},{\"@type\":\"ImageObject\",\"inLanguage\":\"es\",\"@id\":\"https:\\\/\\\/littlevillagechamber.org\\\/the-little-village-chamber-of-commerce-announces-details-for-the-2022-mexican-independence-day-parade\\\/#primaryimage\",\"url\":\"https:\\\/\\\/littlevillagechamber.org\\\/wp-content\\\/uploads\\\/26TH-ST-PARADE-MARSHALS-SocialMedia_CLAUDIA-MARTIN-scaled.jpg\",\"contentUrl\":\"https:\\\/\\\/littlevillagechamber.org\\\/wp-content\\\/uploads\\\/26TH-ST-PARADE-MARSHALS-SocialMedia_CLAUDIA-MARTIN-scaled.jpg\",\"width\":1373,\"height\":1200,\"caption\":\"26TH ST PARADE MARSHALS SocialMedia CLAUDIA MARTIN\"},{\"@type\":\"BreadcrumbList\",\"@id\":\"https:\\\/\\\/littlevillagechamber.org\\\/the-little-village-chamber-of-commerce-announces-details-for-the-2022-mexican-independence-day-parade\\\/#breadcrumb\",\"itemListElement\":[{\"@type\":\"ListItem\",\"position\":1,\"name\":\"Home\",\"item\":\"https:\\\/\\\/littlevillagechamber.org\\\/\"},{\"@type\":\"ListItem\",\"position\":2,\"name\":\"The Little Village Chamber of Commerce Announces Details for the 2022 Mexican Independence Day Parade\"}]},{\"@type\":\"WebSite\",\"@id\":\"https:\\\/\\\/littlevillagechamber.org\\\/#website\",\"url\":\"https:\\\/\\\/littlevillagechamber.org\\\/\",\"name\":\"Little Village Chamber of Commerce\",\"description\":\"Tu Mexico, Tu Chicago!\",\"publisher\":{\"@id\":\"https:\\\/\\\/littlevillagechamber.org\\\/#organization\"},\"potentialAction\":[{\"@type\":\"SearchAction\",\"target\":{\"@type\":\"EntryPoint\",\"urlTemplate\":\"https:\\\/\\\/littlevillagechamber.org\\\/?s={search_term_string}\"},\"query-input\":{\"@type\":\"PropertyValueSpecification\",\"valueRequired\":true,\"valueName\":\"search_term_string\"}}],\"inLanguage\":\"es\"},{\"@type\":\"Organization\",\"@id\":\"https:\\\/\\\/littlevillagechamber.org\\\/#organization\",\"name\":\"Little Village Chamber of Commerce\",\"url\":\"https:\\\/\\\/littlevillagechamber.org\\\/\",\"logo\":{\"@type\":\"ImageObject\",\"inLanguage\":\"es\",\"@id\":\"https:\\\/\\\/littlevillagechamber.org\\\/#\\\/schema\\\/logo\\\/image\\\/\",\"url\":\"https:\\\/\\\/littlevillagechamber.org\\\/wp-content\\\/uploads\\\/LVCC.png\",\"contentUrl\":\"https:\\\/\\\/littlevillagechamber.org\\\/wp-content\\\/uploads\\\/LVCC.png\",\"width\":300,\"height\":257,\"caption\":\"Little Village Chamber of Commerce\"},\"image\":{\"@id\":\"https:\\\/\\\/littlevillagechamber.org\\\/#\\\/schema\\\/logo\\\/image\\\/\"}},{\"@type\":\"Person\",\"@id\":\"https:\\\/\\\/littlevillagechamber.org\\\/#\\\/schema\\\/person\\\/4487dc3448b7938e609ea204fdb53e6e\",\"name\":\"LVCC\",\"image\":{\"@type\":\"ImageObject\",\"inLanguage\":\"es\",\"@id\":\"https:\\\/\\\/secure.gravatar.com\\\/avatar\\\/89bc9946299d06632ca320794ae1a6987a67315945cb122a03c1736adb4094b9?s=96&d=mm&r=g\",\"url\":\"https:\\\/\\\/secure.gravatar.com\\\/avatar\\\/89bc9946299d06632ca320794ae1a6987a67315945cb122a03c1736adb4094b9?s=96&d=mm&r=g\",\"contentUrl\":\"https:\\\/\\\/secure.gravatar.com\\\/avatar\\\/89bc9946299d06632ca320794ae1a6987a67315945cb122a03c1736adb4094b9?s=96&d=mm&r=g\",\"caption\":\"LVCC\"},\"url\":\"https:\\\/\\\/littlevillagechamber.org\\\/es\\\/author\\\/lvcc\\\/\"}]}<\/script>\n<!-- \/ Yoast SEO plugin. -->","yoast_head_json":{"title":"The Little Village Chamber of Commerce Announces Details for the 2022 Mexican Independence Day Parade - Little Village Chamber of Commerce","robots":{"index":"index","follow":"follow","max-snippet":"max-snippet:-1","max-image-preview":"max-image-preview:large","max-video-preview":"max-video-preview:-1"},"canonical":"https:\/\/littlevillagechamber.org\/es\/the-little-village-chamber-of-commerce-announces-details-for-the-2022-mexican-independence-day-parade\/","og_locale":"es_MX","og_type":"article","og_title":"The Little Village Chamber of Commerce Announces Details for the 2022 Mexican Independence Day Parade - Little Village Chamber of Commerce","og_description":"The Parade will Kick-off at Noon from the Historic Little Village Arch and Proceed down 26th Street to Kostner Avenue and will air on ABC7Chicago; Parade Grand Marshal and Community Grand Marshals Named; Parade Theme, \u201cNuestra Unidad es Nuestra Fortaleza,\u201d or \u201cOur Unity is Our Strength.\u201d (CHICAGO) &#8211; The Little Village Chamber of Commerce announces [&hellip;]","og_url":"https:\/\/littlevillagechamber.org\/es\/the-little-village-chamber-of-commerce-announces-details-for-the-2022-mexican-independence-day-parade\/","og_site_name":"Little Village Chamber of Commerce","article_published_time":"2022-09-01T18:10:37+00:00","article_modified_time":"2023-04-06T03:32:34+00:00","og_image":[{"width":1373,"height":1200,"url":"https:\/\/littlevillagechamber.org\/wp-content\/uploads\/26TH-ST-PARADE-MARSHALS-SocialMedia_CLAUDIA-MARTIN-scaled.jpg","type":"image\/jpeg"}],"author":"LVCC","twitter_card":"summary_large_image","twitter_misc":{"Escrito por":"LVCC","Tiempo de lectura":"4 minutos"},"schema":{"@context":"https:\/\/schema.org","@graph":[{"@type":"Article","@id":"https:\/\/littlevillagechamber.org\/the-little-village-chamber-of-commerce-announces-details-for-the-2022-mexican-independence-day-parade\/#article","isPartOf":{"@id":"https:\/\/littlevillagechamber.org\/the-little-village-chamber-of-commerce-announces-details-for-the-2022-mexican-independence-day-parade\/"},"author":{"name":"LVCC","@id":"https:\/\/littlevillagechamber.org\/#\/schema\/person\/4487dc3448b7938e609ea204fdb53e6e"},"headline":"The Little Village Chamber of Commerce Announces Details for the 2022 Mexican Independence Day Parade","datePublished":"2022-09-01T18:10:37+00:00","dateModified":"2023-04-06T03:32:34+00:00","mainEntityOfPage":{"@id":"https:\/\/littlevillagechamber.org\/the-little-village-chamber-of-commerce-announces-details-for-the-2022-mexican-independence-day-parade\/"},"wordCount":752,"publisher":{"@id":"https:\/\/littlevillagechamber.org\/#organization"},"image":{"@id":"https:\/\/littlevillagechamber.org\/the-little-village-chamber-of-commerce-announces-details-for-the-2022-mexican-independence-day-parade\/#primaryimage"},"thumbnailUrl":"https:\/\/littlevillagechamber.org\/wp-content\/uploads\/26TH-ST-PARADE-MARSHALS-SocialMedia_CLAUDIA-MARTIN-scaled.jpg","articleSection":["News Articles"],"inLanguage":"es"},{"@type":"WebPage","@id":"https:\/\/littlevillagechamber.org\/the-little-village-chamber-of-commerce-announces-details-for-the-2022-mexican-independence-day-parade\/","url":"https:\/\/littlevillagechamber.org\/the-little-village-chamber-of-commerce-announces-details-for-the-2022-mexican-independence-day-parade\/","name":"The Little Village Chamber of Commerce Announces Details for the 2022 Mexican Independence Day Parade - Little Village Chamber of Commerce","isPartOf":{"@id":"https:\/\/littlevillagechamber.org\/#website"},"primaryImageOfPage":{"@id":"https:\/\/littlevillagechamber.org\/the-little-village-chamber-of-commerce-announces-details-for-the-2022-mexican-independence-day-parade\/#primaryimage"},"image":{"@id":"https:\/\/littlevillagechamber.org\/the-little-village-chamber-of-commerce-announces-details-for-the-2022-mexican-independence-day-parade\/#primaryimage"},"thumbnailUrl":"https:\/\/littlevillagechamber.org\/wp-content\/uploads\/26TH-ST-PARADE-MARSHALS-SocialMedia_CLAUDIA-MARTIN-scaled.jpg","datePublished":"2022-09-01T18:10:37+00:00","dateModified":"2023-04-06T03:32:34+00:00","breadcrumb":{"@id":"https:\/\/littlevillagechamber.org\/the-little-village-chamber-of-commerce-announces-details-for-the-2022-mexican-independence-day-parade\/#breadcrumb"},"inLanguage":"es","potentialAction":[{"@type":"ReadAction","target":["https:\/\/littlevillagechamber.org\/the-little-village-chamber-of-commerce-announces-details-for-the-2022-mexican-independence-day-parade\/"]}]},{"@type":"ImageObject","inLanguage":"es","@id":"https:\/\/littlevillagechamber.org\/the-little-village-chamber-of-commerce-announces-details-for-the-2022-mexican-independence-day-parade\/#primaryimage","url":"https:\/\/littlevillagechamber.org\/wp-content\/uploads\/26TH-ST-PARADE-MARSHALS-SocialMedia_CLAUDIA-MARTIN-scaled.jpg","contentUrl":"https:\/\/littlevillagechamber.org\/wp-content\/uploads\/26TH-ST-PARADE-MARSHALS-SocialMedia_CLAUDIA-MARTIN-scaled.jpg","width":1373,"height":1200,"caption":"26TH ST PARADE MARSHALS SocialMedia CLAUDIA MARTIN"},{"@type":"BreadcrumbList","@id":"https:\/\/littlevillagechamber.org\/the-little-village-chamber-of-commerce-announces-details-for-the-2022-mexican-independence-day-parade\/#breadcrumb","itemListElement":[{"@type":"ListItem","position":1,"name":"Home","item":"https:\/\/littlevillagechamber.org\/"},{"@type":"ListItem","position":2,"name":"The Little Village Chamber of Commerce Announces Details for the 2022 Mexican Independence Day Parade"}]},{"@type":"WebSite","@id":"https:\/\/littlevillagechamber.org\/#website","url":"https:\/\/littlevillagechamber.org\/","name":"La C\u00e1mara de Comercio de La Villita","description":"Tu M\u00e9xico, Tu Chicago!","publisher":{"@id":"https:\/\/littlevillagechamber.org\/#organization"},"potentialAction":[{"@type":"SearchAction","target":{"@type":"EntryPoint","urlTemplate":"https:\/\/littlevillagechamber.org\/?s={search_term_string}"},"query-input":{"@type":"PropertyValueSpecification","valueRequired":true,"valueName":"search_term_string"}}],"inLanguage":"es"},{"@type":"Organization","@id":"https:\/\/littlevillagechamber.org\/#organization","name":"La C\u00e1mara de Comercio de La Villita","url":"https:\/\/littlevillagechamber.org\/","logo":{"@type":"ImageObject","inLanguage":"es","@id":"https:\/\/littlevillagechamber.org\/#\/schema\/logo\/image\/","url":"https:\/\/littlevillagechamber.org\/wp-content\/uploads\/LVCC.png","contentUrl":"https:\/\/littlevillagechamber.org\/wp-content\/uploads\/LVCC.png","width":300,"height":257,"caption":"Little Village Chamber of Commerce"},"image":{"@id":"https:\/\/littlevillagechamber.org\/#\/schema\/logo\/image\/"}},{"@type":"Person","@id":"https:\/\/littlevillagechamber.org\/#\/schema\/person\/4487dc3448b7938e609ea204fdb53e6e","name":"LVCC","image":{"@type":"ImageObject","inLanguage":"es","@id":"https:\/\/secure.gravatar.com\/avatar\/89bc9946299d06632ca320794ae1a6987a67315945cb122a03c1736adb4094b9?s=96&d=mm&r=g","url":"https:\/\/secure.gravatar.com\/avatar\/89bc9946299d06632ca320794ae1a6987a67315945cb122a03c1736adb4094b9?s=96&d=mm&r=g","contentUrl":"https:\/\/secure.gravatar.com\/avatar\/89bc9946299d06632ca320794ae1a6987a67315945cb122a03c1736adb4094b9?s=96&d=mm&r=g","caption":"LVCC"},"url":"https:\/\/littlevillagechamber.org\/es\/author\/lvcc\/"}]}},"_links":{"self":[{"href":"https:\/\/littlevillagechamber.org\/es\/wp-json\/wp\/v2\/posts\/26978","targetHints":{"allow":["GET"]}}],"collection":[{"href":"https:\/\/littlevillagechamber.org\/es\/wp-json\/wp\/v2\/posts"}],"about":[{"href":"https:\/\/littlevillagechamber.org\/es\/wp-json\/wp\/v2\/types\/post"}],"author":[{"embeddable":true,"href":"https:\/\/littlevillagechamber.org\/es\/wp-json\/wp\/v2\/users\/93"}],"replies":[{"embeddable":true,"href":"https:\/\/littlevillagechamber.org\/es\/wp-json\/wp\/v2\/comments?post=26978"}],"version-history":[{"count":0,"href":"https:\/\/littlevillagechamber.org\/es\/wp-json\/wp\/v2\/posts\/26978\/revisions"}],"wp:featuredmedia":[{"embeddable":true,"href":"https:\/\/littlevillagechamber.org\/es\/wp-json\/wp\/v2\/media\/26976"}],"wp:attachment":[{"href":"https:\/\/littlevillagechamber.org\/es\/wp-json\/wp\/v2\/media?parent=26978"}],"wp:term":[{"taxonomy":"category","embeddable":true,"href":"https:\/\/littlevillagechamber.org\/es\/wp-json\/wp\/v2\/categories?post=26978"},{"taxonomy":"post_tag","embeddable":true,"href":"https:\/\/littlevillagechamber.org\/es\/wp-json\/wp\/v2\/tags?post=26978"}],"curies":[{"name":"wp","href":"https:\/\/api.w.org\/{rel}","templated":true}]}}